{"id":271778,"date":"2016-05-31T00:03:30","date_gmt":"2016-05-31T05:03:30","guid":{"rendered":"http:\/\/www.diarioimagen.net\/?p=271778"},"modified":"2016-05-31T22:53:47","modified_gmt":"2016-06-01T03:53:47","slug":"todo-listo-para-que-37-3-millones-acudan-a-votar-este-domingo","status":"publish","type":"post","link":"https:\/\/www.diarioimagen.net\/?p=271778","title":{"rendered":"Todo listo para que voten 37.3 millones"},"content":{"rendered":"<ul>\n<li><strong><em>Inscritos, 7 mil 456 observadores<\/em><\/strong><\/li>\n<\/ul>\n<p>&nbsp;<\/p>\n<div id=\"attachment_271779\" style=\"width: 430px\" class=\"wp-caption aligncenter\"><a href=\"http:\/\/www.diarioimagen.net\/?attachment_id=271779\" rel=\"attachment wp-att-271779\"><img loading=\"lazy\" decoding=\"async\" aria-describedby=\"caption-attachment-271779\" class=\"wp-image-271779 size-large\" src=\"http:\/\/www.diarioimagen.net\/wp-content\/uploads\/2016\/05\/ELECCIONES31-portal-420x236.jpg\" alt=\"Este domingo podr\u00e1n votar 37.3 millones de mexicanos en 14 procesos comiciales en el pa\u00eds.\" width=\"420\" height=\"236\" srcset=\"https:\/\/www.diarioimagen.net\/wp-content\/uploads\/2016\/05\/ELECCIONES31-portal-420x236.jpg 420w, https:\/\/www.diarioimagen.net\/wp-content\/uploads\/2016\/05\/ELECCIONES31-portal-240x135.jpg 240w, https:\/\/www.diarioimagen.net\/wp-content\/uploads\/2016\/05\/ELECCIONES31-portal-235x132.jpg 235w, https:\/\/www.diarioimagen.net\/wp-content\/uploads\/2016\/05\/ELECCIONES31-portal-202x114.jpg 202w, https:\/\/www.diarioimagen.net\/wp-content\/uploads\/2016\/05\/ELECCIONES31-portal-350x196.jpg 350w, https:\/\/www.diarioimagen.net\/wp-content\/uploads\/2016\/05\/ELECCIONES31-portal-220x123.jpg 220w, https:\/\/www.diarioimagen.net\/wp-content\/uploads\/2016\/05\/ELECCIONES31-portal-237x132.jpg 237w, https:\/\/www.diarioimagen.net\/wp-content\/uploads\/2016\/05\/ELECCIONES31-portal.jpg 480w\" sizes=\"auto, (max-width: 420px) 100vw, 420px\" \/><\/a><p id=\"caption-attachment-271779\" class=\"wp-caption-text\">Este domingo podr\u00e1n votar 37.3 millones de mexicanos en 14 procesos comiciales en el pa\u00eds.<\/p><\/div>\n<p>&nbsp;<\/p>\n<p>Todo se encuentra listo para que este domingo 5 de junio puedan votar 37.3 millones de ciudadanos en los 14 procesos comiciales que se llevar\u00e1n a cabo en el pa\u00eds, donde se prev\u00e9 la instalaci\u00f3n de 68 mil 37 casillas.<\/p>\n<p>Consejeros del Instituto Nacional Electoral (INE) aseguraron que a menos de una semana de la jornada comicial se puede afirmar que dicha instancia ha cumplido con el proceso de capacitaci\u00f3n y organizaci\u00f3n electoral, ya que en 99.97 por ciento de las casillas que se instalar\u00e1n cuentan con todos los funcionarios requeridos, nombrados y capacitados.<\/p>\n<p>La consejera Pamela San Mart\u00edn expuso que s\u00f3lo en 11 casillas se tienen menos de tres funcionarios electorales de por lo menos cuatro que se requieren, y agreg\u00f3 que en estas elecciones se prev\u00e9 la instalaci\u00f3n de mil 311 casillas m\u00e1s que en los comicios anteriores.<\/p>\n<p>Subray\u00f3 que el INE ha cumplido con las tareas de capacitaci\u00f3n en los 14 estados y toca ahora a los organismos estatales electorales el contar los votos e instrumentar con eficacia los programas de conteo r\u00e1pido.<\/p>\n<p>Inform\u00f3 que ante el INE se han inscrito 7 mil 456 observadores electorales, por lo que insisti\u00f3 en que las ciudadanas y los ciudadanos de esas 14 entidades cuentan con todas las garant\u00edas para salir a votar en un clima de paz el pr\u00f3ximo 5 de junio.<\/p>\n<p>\u201cEn todas las casillas tenemos la condici\u00f3n de que se realice la elecci\u00f3n. Con estas cifras afirmamos que estamos en condiciones de que se realicen las elecciones en las 14 entidades\u201d y se continua con los protocolos de seguridad con el gobierno federal y los organismos estatales.<\/p>\n<p>San Mart\u00edn exhort\u00f3 a los candidatos y partidos pol\u00edticos a apegarse a la ley, y record\u00f3 que desde el primer minuto del pr\u00f3ximo jueves 2 de junio iniciar\u00e1 la veda electoral.<\/p>\n<p>A su vez, el consejero Arturo S\u00e1nchez descart\u00f3 que el INE analice atraer alguna de las elecciones en este momento, y expuso que los Organismos P\u00fablicos Locales (OPLEs) han cumplido con los lineamientos y criterios que ha fijado el instituto, as\u00ed como los protocolos de seguridad para que las autoridades act\u00faen en caso necesario.<\/p>\n","protected":false},"excerpt":{"rendered":"<p>Todo se encuentra listo para que este domingo 5 de junio puedan votar 37.3 millones de ciudadanos en los 14 procesos comiciales que se llevar\u00e1n a cabo en el pa\u00eds, donde se prev\u00e9 la instalaci\u00f3n de 68 mil 37 casillas. Consejeros del Instituto Nacional Electoral (INE) aseguraron que a menos de una semana de la jornada comicial se puede afirmar que dicha instancia ha cumplido con el proceso de capacitaci\u00f3n y organizaci\u00f3n electoral, ya que en 99.97 por ciento de las casillas que se instalar\u00e1n cuentan con todos los funcionarios requeridos, nombrados y capacitados.<\/p>\n","protected":false},"author":5,"featured_media":271779,"comment_status":"open","ping_status":"open","sticky":false,"template":"","format":"standard","meta":{"_monsterinsights_skip_tracking":false,"_monsterinsights_sitenote_active":false,"_monsterinsights_sitenote_note":"","_monsterinsights_sitenote_category":0,"footnotes":""},"categories":[3],"tags":[5550,29347,43673,9545,18656],"class_list":["post-271778","post","type-post","status-publish","format-standard","has-post-thumbnail","hentry","category-nacional","tag-comicios","tag-ine","tag-nacional","tag-votacion","tag-votar"],"_links":{"self":[{"href":"https:\/\/www.diarioimagen.net\/index.php?rest_route=\/wp\/v2\/posts\/271778","targetHints":{"allow":["GET"]}}],"collection":[{"href":"https:\/\/www.diarioimagen.net\/index.php?rest_route=\/wp\/v2\/posts"}],"about":[{"href":"https:\/\/www.diarioimagen.net\/index.php?rest_route=\/wp\/v2\/types\/post"}],"author":[{"embeddable":true,"href":"https:\/\/www.diarioimagen.net\/index.php?rest_route=\/wp\/v2\/users\/5"}],"replies":[{"embeddable":true,"href":"https:\/\/www.diarioimagen.net\/index.php?rest_route=%2Fwp%2Fv2%2Fcomments&post=271778"}],"version-history":[{"count":0,"href":"https:\/\/www.diarioimagen.net\/index.php?rest_route=\/wp\/v2\/posts\/271778\/revisions"}],"wp:featuredmedia":[{"embeddable":true,"href":"https:\/\/www.diarioimagen.net\/index.php?rest_route=\/wp\/v2\/media\/271779"}],"wp:attachment":[{"href":"https:\/\/www.diarioimagen.net\/index.php?rest_route=%2Fwp%2Fv2%2Fmedia&parent=271778"}],"wp:term":[{"taxonomy":"category","embeddable":true,"href":"https:\/\/www.diarioimagen.net\/index.php?rest_route=%2Fwp%2Fv2%2Fcategories&post=271778"},{"taxonomy":"post_tag","embeddable":true,"href":"https:\/\/www.diarioimagen.net\/index.php?rest_route=%2Fwp%2Fv2%2Ftags&post=271778"}],"curies":[{"name":"wp","href":"https:\/\/api.w.org\/{rel}","templated":true}]}}