{"id":271820,"date":"2016-05-31T00:01:58","date_gmt":"2016-05-31T05:01:58","guid":{"rendered":"http:\/\/www.diarioimagen.net\/?p=271820"},"modified":"2016-06-01T22:35:13","modified_gmt":"2016-06-02T03:35:13","slug":"arranca-la-campana-de-los-7-tesoros-como-patrimonio-cultural-de-merida","status":"publish","type":"post","link":"https:\/\/www.diarioimagen.net\/?p=271820","title":{"rendered":"Arranca la Campa\u00f1a de los 7 Tesoros como Patrimonio Cultural de M\u00e9rida"},"content":{"rendered":"<ul>\n<li><em><strong>Los sitios ser\u00e1n propuestos y votados por mexicanos, a trav\u00e9s de su sitio de internet<\/strong><\/em><\/li>\n<\/ul>\n<h6>Arturo Arellano<\/h6>\n<p>&nbsp;<\/p>\n<div id=\"attachment_271821\" style=\"width: 430px\" class=\"wp-caption aligncenter\"><a href=\"http:\/\/www.diarioimagen.net\/?attachment_id=271821\" rel=\"attachment wp-att-271821\"><img loading=\"lazy\" decoding=\"async\" aria-describedby=\"caption-attachment-271821\" class=\"wp-image-271821\" src=\"http:\/\/www.diarioimagen.net\/wp-content\/uploads\/2016\/05\/merida-pooortal-420x236.jpg\" alt=\"M\u00e9rida dio a conocer hace unos meses su nombramiento como Capital Americana de la Cultura 2017, por lo que ahora comenzar\u00e1 la campa\u00f1a para elegir 7 Tesoros del Patrimonio Cultural en la Lista Representativa del Patrimonio Cultural del Mundo.\" width=\"420\" height=\"236\" srcset=\"https:\/\/www.diarioimagen.net\/wp-content\/uploads\/2016\/05\/merida-pooortal-420x236.jpg 420w, https:\/\/www.diarioimagen.net\/wp-content\/uploads\/2016\/05\/merida-pooortal-240x135.jpg 240w, https:\/\/www.diarioimagen.net\/wp-content\/uploads\/2016\/05\/merida-pooortal-480x270.jpg 480w, https:\/\/www.diarioimagen.net\/wp-content\/uploads\/2016\/05\/merida-pooortal-235x132.jpg 235w, https:\/\/www.diarioimagen.net\/wp-content\/uploads\/2016\/05\/merida-pooortal-202x114.jpg 202w, https:\/\/www.diarioimagen.net\/wp-content\/uploads\/2016\/05\/merida-pooortal-350x196.jpg 350w, https:\/\/www.diarioimagen.net\/wp-content\/uploads\/2016\/05\/merida-pooortal-220x123.jpg 220w, https:\/\/www.diarioimagen.net\/wp-content\/uploads\/2016\/05\/merida-pooortal-237x132.jpg 237w, https:\/\/www.diarioimagen.net\/wp-content\/uploads\/2016\/05\/merida-pooortal.jpg 700w\" sizes=\"auto, (max-width: 420px) 100vw, 420px\" \/><\/a><p id=\"caption-attachment-271821\" class=\"wp-caption-text\">M\u00e9rida dio a conocer hace unos meses su nombramiento como Capital Americana de la Cultura 2017, por lo que ahora comenzar\u00e1 la campa\u00f1a para elegir 7 Tesoros del Patrimonio Cultural en la Lista Representativa del Patrimonio Cultural del Mundo.<\/p><\/div>\n<p>&nbsp;<\/p>\n<p>La Campa\u00f1a de los 7 Tesoros como Patrimonio Cultural de M\u00e9rida, Yucat\u00e1n, se realiza en el marco del reconocimiento como Capital Americana de la Cultura (CAC) 2017, en el que el estado se preocupa por convertiste en un verdadero hervidero de eventos culturales, sumados a la elecci\u00f3n de siete espacios que ser\u00e1n considerados como tesoros, para ello la gente podr\u00e1 proponer lugares, monumentos y espacios, que en una segunda etapa ser\u00e1n votados hasta definir a los ganadores.<\/p>\n<p>En entrevista con <strong>DIARIOIMAGEN<\/strong>, Erika Millet explic\u00f3 a detalle el proceder de este evento: \u201cse trata de volver los ojos del turismo nacional e internacional a M\u00e9rida, la iniciativa del bur\u00f3 de patrimonios culturales busca resaltar lugares y rasgos de la cultura para volverlos intangibles en este caso 7 de los tesoros, elementos de M\u00e9rida que la gente va a votar y proponer, la iniciativa es ciudadana, abierta a personas que viven en M\u00e9rida, pero tambi\u00e9n a todos los mexicanos que hayan visitado esta ciudad\u201d.<\/p>\n<p>Ser\u00e1n tres fases, seg\u00fan coment\u00f3 \u201cel 11 mayo arranc\u00f3 la campa\u00f1a que durar\u00e1 hasta este 31 de mayo, en \u00e9sta se trata de proponer los que podr\u00edan ser los tesoros intangibles, las propuestas se pueden hacer al correo tesoros@ibocc.org deben enviar el porqu\u00e9 de la propuesta una breve rese\u00f1a o explicaci\u00f3n de por qu\u00e9 merecer\u00eda determinado lugar este t\u00edtulo. La fase 2 arranca el 1 de junio, cuando se realizar\u00e1 el conteo de lugares galardonados y posteriormente la fase 3 que es de promoci\u00f3n y votaci\u00f3n. Habr\u00e1 tambi\u00e9n una lista preliminar en la que el bur\u00f3 va avisando qu\u00e9 lugares se han propuesto\u201d.<\/p>\n<p>Destac\u00f3 de momento la presencia de La Casa de los Montejo, La Catedral Cultural Olimpo, El Palacio de Gobierno, templos y plazas, San Juan, San Crist\u00f3bal, Santiago y San Sebasti\u00e1n. Adem\u00e1s de la serenata tradicional que se realiza en el Parque Santa Luc\u00eda.<\/p>\n<p>Agreg\u00f3 que \u201cuna de las intenciones al ser M\u00e9rida Capital Americana de la Cultura es tener un evento cultural gratuito todos los d\u00edas de la semana, esperando que en 2017 el n\u00famero de presentaciones y eventos incrementar\u00e1. Tener atractivos para que mexicanos y extranjeros se convenzan de que somos una fuente de cultura. Y si bien se espera una derrama econ\u00f3mica importante, la idea principal es tener la cultura a la mano, al alcance de todos, nos s\u00f3lo tener un gran festival cultural en 2017, que si se tendr\u00e1, pero el reto es que se mantenga la actividad cultural, generar una pol\u00edtica cultural para que los j\u00f3venes la aprovechen, cale hondo y permanezca\u201d.<\/p>\n<p>Millet invit\u00f3 a los lectores de <strong>DIARIOIMAGEN<\/strong> a ser parte de todos sus festejos en el marco de ser nombrada M\u00e9rida la Capital Americana de la Cultura \u201cpara conocer toda nuestra cartelera de eventos la gente puede ingresar a www.merida.gob.mx La oferta cultural no ser\u00e1 s\u00f3lo un programa, tenemos un comit\u00e9 interdisciplinario a trav\u00e9s del cual integramos las carteleras de manera que cada miembro ofrezca algo a esta capitalidad\u201d, concluy\u00f3.<\/p>\n","protected":false},"excerpt":{"rendered":"<p>La Campa\u00f1a de los 7 Tesoros como Patrimonio Cultural de M\u00e9rida, Yucat\u00e1n, se realiza en el marco del reconocimiento como Capital Americana de la Cultura (CAC) 2017, en el que el estado se preocupa por convertiste en un verdadero hervidero de eventos culturales, sumados a la elecci\u00f3n de siete espacios que ser\u00e1n considerados como tesoros, para ello la gente podr\u00e1 proponer lugares, monumentos y espacios, que en una segunda etapa ser\u00e1n votados hasta definir a los ganadores.<\/p>\n","protected":false},"author":5,"featured_media":271822,"comment_status":"open","ping_status":"open","sticky":false,"template":"","format":"standard","meta":{"_monsterinsights_skip_tracking":false,"_monsterinsights_sitenote_active":false,"_monsterinsights_sitenote_note":"","_monsterinsights_sitenote_category":0,"footnotes":""},"categories":[3],"tags":[43682],"class_list":["post-271820","post","type-post","status-publish","format-standard","has-post-thumbnail","hentry","category-nacional","tag-espectaculos"],"_links":{"self":[{"href":"https:\/\/www.diarioimagen.net\/index.php?rest_route=\/wp\/v2\/posts\/271820","targetHints":{"allow":["GET"]}}],"collection":[{"href":"https:\/\/www.diarioimagen.net\/index.php?rest_route=\/wp\/v2\/posts"}],"about":[{"href":"https:\/\/www.diarioimagen.net\/index.php?rest_route=\/wp\/v2\/types\/post"}],"author":[{"embeddable":true,"href":"https:\/\/www.diarioimagen.net\/index.php?rest_route=\/wp\/v2\/users\/5"}],"replies":[{"embeddable":true,"href":"https:\/\/www.diarioimagen.net\/index.php?rest_route=%2Fwp%2Fv2%2Fcomments&post=271820"}],"version-history":[{"count":0,"href":"https:\/\/www.diarioimagen.net\/index.php?rest_route=\/wp\/v2\/posts\/271820\/revisions"}],"wp:featuredmedia":[{"embeddable":true,"href":"https:\/\/www.diarioimagen.net\/index.php?rest_route=\/wp\/v2\/media\/271822"}],"wp:attachment":[{"href":"https:\/\/www.diarioimagen.net\/index.php?rest_route=%2Fwp%2Fv2%2Fmedia&parent=271820"}],"wp:term":[{"taxonomy":"category","embeddable":true,"href":"https:\/\/www.diarioimagen.net\/index.php?rest_route=%2Fwp%2Fv2%2Fcategories&post=271820"},{"taxonomy":"post_tag","embeddable":true,"href":"https:\/\/www.diarioimagen.net\/index.php?rest_route=%2Fwp%2Fv2%2Ftags&post=271820"}],"curies":[{"name":"wp","href":"https:\/\/api.w.org\/{rel}","templated":true}]}}