{"id":271838,"date":"2016-05-31T00:05:32","date_gmt":"2016-05-31T05:05:32","guid":{"rendered":"http:\/\/www.diarioimagen.net\/?p=271838"},"modified":"2016-05-31T03:15:37","modified_gmt":"2016-05-31T08:15:37","slug":"vargas-del-villar-participa-en-congreso-de-gobiernos-locales","status":"publish","type":"post","link":"https:\/\/www.diarioimagen.net\/?p=271838","title":{"rendered":"Vargas del Villar participa en congreso de gobiernos locales"},"content":{"rendered":"<ul>\n<li><strong><em>Celebrado en Rusia<\/em><\/strong><\/li>\n<\/ul>\n<p>&nbsp;<\/p>\n<div id=\"attachment_271931\" style=\"width: 430px\" class=\"wp-caption aligncenter\"><a href=\"http:\/\/www.diarioimagen.net\/?attachment_id=271931\" rel=\"attachment wp-att-271931\"><img loading=\"lazy\" decoding=\"async\" aria-describedby=\"caption-attachment-271931\" class=\"size-large wp-image-271931\" src=\"http:\/\/www.diarioimagen.net\/wp-content\/uploads\/2016\/05\/HUIXQUILUCAN-2878-420x236.jpg\" alt=\"El alcalde Enrique Vargas del Villar particip\u00f3 en\u00a0el Congreso de Ciudades y Gobiernos Locales Unidos, celebrado en Rusia.\" width=\"420\" height=\"236\" srcset=\"https:\/\/www.diarioimagen.net\/wp-content\/uploads\/2016\/05\/HUIXQUILUCAN-2878-420x236.jpg 420w, https:\/\/www.diarioimagen.net\/wp-content\/uploads\/2016\/05\/HUIXQUILUCAN-2878-240x135.jpg 240w, https:\/\/www.diarioimagen.net\/wp-content\/uploads\/2016\/05\/HUIXQUILUCAN-2878-480x270.jpg 480w, https:\/\/www.diarioimagen.net\/wp-content\/uploads\/2016\/05\/HUIXQUILUCAN-2878-235x132.jpg 235w, https:\/\/www.diarioimagen.net\/wp-content\/uploads\/2016\/05\/HUIXQUILUCAN-2878-202x114.jpg 202w, https:\/\/www.diarioimagen.net\/wp-content\/uploads\/2016\/05\/HUIXQUILUCAN-2878-350x196.jpg 350w, https:\/\/www.diarioimagen.net\/wp-content\/uploads\/2016\/05\/HUIXQUILUCAN-2878-220x123.jpg 220w, https:\/\/www.diarioimagen.net\/wp-content\/uploads\/2016\/05\/HUIXQUILUCAN-2878-237x132.jpg 237w, https:\/\/www.diarioimagen.net\/wp-content\/uploads\/2016\/05\/HUIXQUILUCAN-2878.jpg 720w\" sizes=\"auto, (max-width: 420px) 100vw, 420px\" \/><\/a><p id=\"caption-attachment-271931\" class=\"wp-caption-text\">El alcalde Enrique Vargas del Villar particip\u00f3 en\u00a0el Congreso de Ciudades y Gobiernos Locales Unidos, celebrado en Rusia.<\/p><\/div>\n<p>&nbsp;<\/p>\n<p><strong>Huixquilucan, Estado de M\u00e9xico<\/strong>.- En su calidad de vicepresidente de la Federaci\u00f3n Latinoamericana de Ciudades, Municipios y Asociaciones de Gobiernos Locales (Flacma), el alcalde Enrique Vargas del Villar particip\u00f3 en\u00a0\u00a0el Congreso de Ciudades y Gobiernos Locales Unidos, celebrado en Rusia, evento en el cual el\u00a0edil mexiquense dej\u00f3 en claro su pol\u00edtica visionaria a nivel internacional que permita el impulso y fortalecimiento de las autoridades locales.<\/p>\n<p>En un hecho sin precedentes para M\u00e9xico, un presidente municipal del Estado de M\u00e9xico es el representante de 16 mil alcaldes en Latinoam\u00e9rica con quienes trabajar\u00e1 en problemas que aquejan a los municipios a nivel mundial y con ello\u00a0\u00a0fortalecer al municipalismo latinoamericano.<\/p>\n<p>\u201cEstoy muy orgulloso por representar a nuestra Am\u00e9rica Latina, desde la Federaci\u00f3n Latinoamericana de Ciudades, Municipios y Asociaciones de Gobiernos Locales\u201d, resalt\u00f3 el edil de Huixquilucan, al participar en el Congreso de Ciudades y Gobiernos Locales Unidos (CGLU), organizaci\u00f3n que tiene una representaci\u00f3n de 151 pa\u00edses.<\/p>\n<p>Las pol\u00edticas p\u00fablicas implementadas en Huixquilucan durante los primeros cinco meses de administraci\u00f3n de Enrique Vargas del Villar, han colocado al municipio como un polo importante de desarrollo en M\u00e9xico, y ahora ha\u00a0\u00a0traspasado fronteras para impulsar el municipalismo latinoamericano que les permita crecer como localidades fuertes, aut\u00f3nomas y democr\u00e1ticas.<\/p>\n<p>En esta visita, Enrique Vargas, se reuni\u00f3 con el embajador de M\u00e9xico en Rusia, Rub\u00e9n Beltr\u00e1n, con quien intercambi\u00f3 puntos de vista sobre la importancia que tiene la Conferencia de Ciudades y Gobiernos Locales Unidos y sobre la experiencia que brinda a los alcaldes de Am\u00e9rica Latina el conocer procesos, problem\u00e1ticas, y tecnolog\u00edas que se ocupan en otros continentes para brindar mejores servicios y as\u00ed elevar la calidad de vida de los ciudadanos.<\/p>\n<p>&nbsp;<\/p>\n","protected":false},"excerpt":{"rendered":"<p>En su calidad de vicepresidente de la Federaci\u00f3n Latinoamericana de Ciudades, Municipios y Asociaciones de Gobiernos Locales (Flacma), el alcalde Enrique Vargas del Villar particip\u00f3 en  el Congreso de Ciudades y Gobiernos Locales Unidos, celebrado en Rusia, evento en el cual el edil mexiquense dej\u00f3 en claro su pol\u00edtica visionaria a nivel internacional que permita el impulso y fortalecimiento de las autoridades locales.<\/p>\n","protected":false},"author":3,"featured_media":271931,"comment_status":"open","ping_status":"open","sticky":false,"template":"","format":"standard","meta":{"_monsterinsights_skip_tracking":false,"_monsterinsights_sitenote_active":false,"_monsterinsights_sitenote_note":"","_monsterinsights_sitenote_category":0,"footnotes":""},"categories":[35155],"tags":[43675,970,47930],"class_list":["post-271838","post","type-post","status-publish","format-standard","has-post-thumbnail","hentry","category-estado-de-mexico-estado-de-mexico","tag-estado-de-mexico","tag-naucalpan","tag-sindicato-unico-de-trabajadores-del-estado-y-sus-municipios"],"_links":{"self":[{"href":"https:\/\/www.diarioimagen.net\/index.php?rest_route=\/wp\/v2\/posts\/271838","targetHints":{"allow":["GET"]}}],"collection":[{"href":"https:\/\/www.diarioimagen.net\/index.php?rest_route=\/wp\/v2\/posts"}],"about":[{"href":"https:\/\/www.diarioimagen.net\/index.php?rest_route=\/wp\/v2\/types\/post"}],"author":[{"embeddable":true,"href":"https:\/\/www.diarioimagen.net\/index.php?rest_route=\/wp\/v2\/users\/3"}],"replies":[{"embeddable":true,"href":"https:\/\/www.diarioimagen.net\/index.php?rest_route=%2Fwp%2Fv2%2Fcomments&post=271838"}],"version-history":[{"count":0,"href":"https:\/\/www.diarioimagen.net\/index.php?rest_route=\/wp\/v2\/posts\/271838\/revisions"}],"wp:featuredmedia":[{"embeddable":true,"href":"https:\/\/www.diarioimagen.net\/index.php?rest_route=\/wp\/v2\/media\/271931"}],"wp:attachment":[{"href":"https:\/\/www.diarioimagen.net\/index.php?rest_route=%2Fwp%2Fv2%2Fmedia&parent=271838"}],"wp:term":[{"taxonomy":"category","embeddable":true,"href":"https:\/\/www.diarioimagen.net\/index.php?rest_route=%2Fwp%2Fv2%2Fcategories&post=271838"},{"taxonomy":"post_tag","embeddable":true,"href":"https:\/\/www.diarioimagen.net\/index.php?rest_route=%2Fwp%2Fv2%2Ftags&post=271838"}],"curies":[{"name":"wp","href":"https:\/\/api.w.org\/{rel}","templated":true}]}}