{"id":271840,"date":"2016-05-31T00:05:24","date_gmt":"2016-05-31T05:05:24","guid":{"rendered":"http:\/\/www.diarioimagen.net\/?p=271840"},"modified":"2016-05-31T03:14:11","modified_gmt":"2016-05-31T08:14:11","slug":"exito-del-centro-educativo-y-productivo-en-metepec","status":"publish","type":"post","link":"https:\/\/www.diarioimagen.net\/?p=271840","title":{"rendered":"\u00c9xito del Centro Educativo y Productivo en Metepec"},"content":{"rendered":"<ul>\n<li><strong><em>Casi 5 mil beneficiados<\/em><\/strong><\/li>\n<\/ul>\n<p>&nbsp;<\/p>\n<div id=\"attachment_271928\" style=\"width: 430px\" class=\"wp-caption aligncenter\"><a href=\"http:\/\/www.diarioimagen.net\/?attachment_id=271928\" rel=\"attachment wp-att-271928\"><img loading=\"lazy\" decoding=\"async\" aria-describedby=\"caption-attachment-271928\" class=\"size-large wp-image-271928\" src=\"http:\/\/www.diarioimagen.net\/wp-content\/uploads\/2016\/05\/METEPEC-2878-420x234.jpg\" alt=\"En el Centro Educativo y Productivo Bancomer, Incubadora Social, casi 5 mil vecinos de Metepec han recibido capacitaci\u00f3n.\" width=\"420\" height=\"234\" srcset=\"https:\/\/www.diarioimagen.net\/wp-content\/uploads\/2016\/05\/METEPEC-2878-420x234.jpg 420w, https:\/\/www.diarioimagen.net\/wp-content\/uploads\/2016\/05\/METEPEC-2878-240x134.jpg 240w, https:\/\/www.diarioimagen.net\/wp-content\/uploads\/2016\/05\/METEPEC-2878-235x132.jpg 235w, https:\/\/www.diarioimagen.net\/wp-content\/uploads\/2016\/05\/METEPEC-2878-202x114.jpg 202w, https:\/\/www.diarioimagen.net\/wp-content\/uploads\/2016\/05\/METEPEC-2878-350x196.jpg 350w, https:\/\/www.diarioimagen.net\/wp-content\/uploads\/2016\/05\/METEPEC-2878-220x123.jpg 220w, https:\/\/www.diarioimagen.net\/wp-content\/uploads\/2016\/05\/METEPEC-2878-237x132.jpg 237w, https:\/\/www.diarioimagen.net\/wp-content\/uploads\/2016\/05\/METEPEC-2878.jpg 700w\" sizes=\"auto, (max-width: 420px) 100vw, 420px\" \/><\/a><p id=\"caption-attachment-271928\" class=\"wp-caption-text\">En el Centro Educativo y Productivo Bancomer, Incubadora Social, casi 5 mil vecinos de Metepec han recibido capacitaci\u00f3n.<\/p><\/div>\n<p>&nbsp;<\/p>\n<p><strong>Metepec, Estado de M\u00e9xico<\/strong>.- A seis a\u00f1os de la apertura del Centro Educativo y Productivo Bancomer, Incubadora Social, casi 5 mil vecinos de Metepec han recibido capacitaci\u00f3n, permitiendo con ello mejorar su desarrollo profesional y en consecuencia, incrementando su expectativa de vida.<\/p>\n<p>Ubicado en la biblioteca Emilio Chuayffet, en el coraz\u00f3n del fraccionamiento Rancho San Francisco, una de las zonas que registra mayor concentraci\u00f3n demogr\u00e1fica de Metepec, fueron entregadas constancias de culminaci\u00f3n de cursos en habilidades b\u00e1sicas en inform\u00e1tica e ingl\u00e9s a 220 personas, impartidos de enero a mayo en los a\u00f1os 2015 y 2016.<\/p>\n<p>Con la presencia de la subdirectora de Gesti\u00f3n Social de la Fundaci\u00f3n BBVA, Graciela Padilla Sojo; de la directora de Vinculaci\u00f3n Educativa del ITESM, Guadalupe Garc\u00eda Cardiel y de la jefa de la oficina del subsecretario federal de Gobernaci\u00f3n, Leticia Montemayor Medina, el secretario del Ayuntamiento de Metepec, Alejandro Abad Lara Terr\u00f3n, reconoci\u00f3 la aportaci\u00f3n del Centro Educativo para los habitantes del municipio, permitiendo transformar sus vidas luego de obtener conocimiento sobre temas espec\u00edficos y as\u00ed, contar con herramientas de gran valor que han alentado su crecimiento y la consecuci\u00f3n de metas y proyectos.<\/p>\n<p>En seis a\u00f1os, dijo, 566 alumnos del Tecnol\u00f3gico de Monterrey, Campus Toluca, han capacitado a casi 5 mil personas en habilidades b\u00e1sicas en inform\u00e1tica, alfabetizaci\u00f3n digital e ingl\u00e9s.<\/p>\n<p>El representante del alcalde David L\u00f3pez C\u00e1rdenas, agreg\u00f3 que \u201cdurante este tiempo, en los siete talleres de educaci\u00f3n financiera de BBVA Bancomer, han participado 436 personas que, hoy en d\u00eda, cuentan con conocimientos en temas como ahorro, cr\u00e9ditos, fondos de inversi\u00f3n y negocios Pyme\u201d.<\/p>\n<p>El Centro de Formaci\u00f3n Acad\u00e9mica, fue creado en marzo del 2010 para alentar el desarrollo de las y los vecinos de Metepec, con una positiva respuesta de la poblaci\u00f3n interesada en capacitarse con el aval profesional del ITESM. Mantiene una matr\u00edcula favorable, en su mayor\u00eda con personas adultas, cumpliendo de esa manera el objetivo de brindar elementos necesarios que coadyuven a integrarse al sistema productivo o en su caso, mejorar sus condiciones laborales.<\/p>\n<p>&nbsp;<\/p>\n","protected":false},"excerpt":{"rendered":"<p>A seis a\u00f1os de la apertura del Centro Educativo y Productivo Bancomer, Incubadora Social, casi 5 mil vecinos de Metepec han recibido capacitaci\u00f3n, permitiendo con ello mejorar su desarrollo profesional y en consecuencia, incrementando su expectativa de vida.<\/p>\n","protected":false},"author":3,"featured_media":271928,"comment_status":"open","ping_status":"open","sticky":false,"template":"","format":"standard","meta":{"_monsterinsights_skip_tracking":false,"_monsterinsights_sitenote_active":false,"_monsterinsights_sitenote_note":"","_monsterinsights_sitenote_category":0,"footnotes":""},"categories":[35155],"tags":[71,43675,876],"class_list":["post-271840","post","type-post","status-publish","format-standard","has-post-thumbnail","hentry","category-estado-de-mexico-estado-de-mexico","tag-bancomer","tag-estado-de-mexico","tag-metepec"],"_links":{"self":[{"href":"https:\/\/www.diarioimagen.net\/index.php?rest_route=\/wp\/v2\/posts\/271840","targetHints":{"allow":["GET"]}}],"collection":[{"href":"https:\/\/www.diarioimagen.net\/index.php?rest_route=\/wp\/v2\/posts"}],"about":[{"href":"https:\/\/www.diarioimagen.net\/index.php?rest_route=\/wp\/v2\/types\/post"}],"author":[{"embeddable":true,"href":"https:\/\/www.diarioimagen.net\/index.php?rest_route=\/wp\/v2\/users\/3"}],"replies":[{"embeddable":true,"href":"https:\/\/www.diarioimagen.net\/index.php?rest_route=%2Fwp%2Fv2%2Fcomments&post=271840"}],"version-history":[{"count":0,"href":"https:\/\/www.diarioimagen.net\/index.php?rest_route=\/wp\/v2\/posts\/271840\/revisions"}],"wp:featuredmedia":[{"embeddable":true,"href":"https:\/\/www.diarioimagen.net\/index.php?rest_route=\/wp\/v2\/media\/271928"}],"wp:attachment":[{"href":"https:\/\/www.diarioimagen.net\/index.php?rest_route=%2Fwp%2Fv2%2Fmedia&parent=271840"}],"wp:term":[{"taxonomy":"category","embeddable":true,"href":"https:\/\/www.diarioimagen.net\/index.php?rest_route=%2Fwp%2Fv2%2Fcategories&post=271840"},{"taxonomy":"post_tag","embeddable":true,"href":"https:\/\/www.diarioimagen.net\/index.php?rest_route=%2Fwp%2Fv2%2Ftags&post=271840"}],"curies":[{"name":"wp","href":"https:\/\/api.w.org\/{rel}","templated":true}]}}