{"id":271845,"date":"2016-05-31T00:02:23","date_gmt":"2016-05-31T05:02:23","guid":{"rendered":"http:\/\/www.diarioimagen.net\/?p=271845"},"modified":"2016-05-31T03:23:36","modified_gmt":"2016-05-31T08:23:36","slug":"entregan-baston-de-mando-en-atizapan","status":"publish","type":"post","link":"https:\/\/www.diarioimagen.net\/?p=271845","title":{"rendered":"Entregan bast\u00f3n de mando en Atizap\u00e1n"},"content":{"rendered":"<ul>\n<li><strong><em>Por primera vez a una mujer<\/em><\/strong><\/li>\n<\/ul>\n<p>&nbsp;<\/p>\n<div id=\"attachment_271946\" style=\"width: 327px\" class=\"wp-caption alignleft\"><a href=\"http:\/\/www.diarioimagen.net\/?attachment_id=271946\" rel=\"attachment wp-att-271946\"><img loading=\"lazy\" decoding=\"async\" aria-describedby=\"caption-attachment-271946\" class=\" wp-image-271946\" src=\"http:\/\/www.diarioimagen.net\/wp-content\/uploads\/2016\/05\/ATIZAPAN-2878-397x420.jpg\" alt=\"La presidenta municipal, Ana Mar\u00eda Balderas Trejo, asisti\u00f3 a la entrega de bast\u00f3n de mando a Feliciana Nabor.\" width=\"317\" height=\"335\" srcset=\"https:\/\/www.diarioimagen.net\/wp-content\/uploads\/2016\/05\/ATIZAPAN-2878-397x420.jpg 397w, https:\/\/www.diarioimagen.net\/wp-content\/uploads\/2016\/05\/ATIZAPAN-2878-227x240.jpg 227w, https:\/\/www.diarioimagen.net\/wp-content\/uploads\/2016\/05\/ATIZAPAN-2878.jpg 662w\" sizes=\"auto, (max-width: 317px) 100vw, 317px\" \/><\/a><p id=\"caption-attachment-271946\" class=\"wp-caption-text\">La presidenta municipal, Ana Mar\u00eda Balderas Trejo, asisti\u00f3 a la entrega de bast\u00f3n de mando a Feliciana Nabor.<\/p><\/div>\n<p><strong>Atizap\u00e1n, Estado de M\u00e9xico<\/strong>.- La alcaldesa Ana Mar\u00eda Balderas Trejo acudi\u00f3 acompa\u00f1ada de integrantes del cuerpo edilicio, como invitada especial\u00a0 a la entrega de bast\u00f3n de mando a Feliciana Nabor,\u00a0quien es la primer mujer en\u00a0 gobernar Atizap\u00e1n y con quien anunci\u00f3 la alcaldesa habr\u00e1 de trabajar de manera muy cercana para lograr llevar beneficios a los asentamientos humanos que hay en este municipio.<\/p>\n<p>En el acto realizado en la explanada del Palacio Municipal, donde realizaron una ceremonia en honor al dios Tonatiuh, la alcaldesa manifest\u00f3 su entusiasmo por poder participar en una ceremonia de este tipo, por lo que expuso: \u201cCuando estamos caminando para llegar a este cargo, estamos pensando en la alegr\u00eda de vivir eventos como el de mi pueblo de cabecera municipal o estar en un cabildo, pero este evento es extraordinario, me siento enormemente honrada porque est\u00e9n aqu\u00ed, porque soy orgullosa de mis ra\u00edces y de mi pueblo\u201d.<\/p>\n<p>En este sentido, la alcaldesa expuso que esta entrega de bast\u00f3n de mando, es la primera ocasi\u00f3n que se lo dan a una mujer y es curiosamente de Atizap\u00e1n tambi\u00e9n. Coment\u00f3 que el l\u00edder del Consejo Ind\u00edgena le se\u00f1al\u00f3 el hecho de que\u00a0 \u201clos astros se alinearon porque es la primer vez que una mujer gobierna en Atizap\u00e1n\u201d.<strong><br \/>\n<\/strong><\/p>\n<p>&nbsp;<\/p>\n","protected":false},"excerpt":{"rendered":"<p>La alcaldesa Ana Mar\u00eda Balderas Trejo acudi\u00f3 acompa\u00f1ada de integrantes del cuerpo edilicio, como invitada especial  a la entrega de bast\u00f3n de mando a Feliciana Nabor, quien es la primer mujer en  gobernar Atizap\u00e1n y con quien anunci\u00f3 la alcaldesa habr\u00e1 de trabajar de manera muy cercana para lograr llevar beneficios a los asentamientos humanos que hay en este municipio.<\/p>\n","protected":false},"author":3,"featured_media":271947,"comment_status":"open","ping_status":"open","sticky":false,"template":"","format":"standard","meta":{"_monsterinsights_skip_tracking":false,"_monsterinsights_sitenote_active":false,"_monsterinsights_sitenote_note":"","_monsterinsights_sitenote_category":0,"footnotes":""},"categories":[35155],"tags":[47219,969,43675],"class_list":["post-271845","post","type-post","status-publish","format-standard","has-post-thumbnail","hentry","category-estado-de-mexico-estado-de-mexico","tag-ana-maria-balderas-trejo","tag-atizapan","tag-estado-de-mexico"],"_links":{"self":[{"href":"https:\/\/www.diarioimagen.net\/index.php?rest_route=\/wp\/v2\/posts\/271845","targetHints":{"allow":["GET"]}}],"collection":[{"href":"https:\/\/www.diarioimagen.net\/index.php?rest_route=\/wp\/v2\/posts"}],"about":[{"href":"https:\/\/www.diarioimagen.net\/index.php?rest_route=\/wp\/v2\/types\/post"}],"author":[{"embeddable":true,"href":"https:\/\/www.diarioimagen.net\/index.php?rest_route=\/wp\/v2\/users\/3"}],"replies":[{"embeddable":true,"href":"https:\/\/www.diarioimagen.net\/index.php?rest_route=%2Fwp%2Fv2%2Fcomments&post=271845"}],"version-history":[{"count":0,"href":"https:\/\/www.diarioimagen.net\/index.php?rest_route=\/wp\/v2\/posts\/271845\/revisions"}],"wp:featuredmedia":[{"embeddable":true,"href":"https:\/\/www.diarioimagen.net\/index.php?rest_route=\/wp\/v2\/media\/271947"}],"wp:attachment":[{"href":"https:\/\/www.diarioimagen.net\/index.php?rest_route=%2Fwp%2Fv2%2Fmedia&parent=271845"}],"wp:term":[{"taxonomy":"category","embeddable":true,"href":"https:\/\/www.diarioimagen.net\/index.php?rest_route=%2Fwp%2Fv2%2Fcategories&post=271845"},{"taxonomy":"post_tag","embeddable":true,"href":"https:\/\/www.diarioimagen.net\/index.php?rest_route=%2Fwp%2Fv2%2Ftags&post=271845"}],"curies":[{"name":"wp","href":"https:\/\/api.w.org\/{rel}","templated":true}]}}