{"id":271851,"date":"2016-05-31T00:07:48","date_gmt":"2016-05-31T05:07:48","guid":{"rendered":"http:\/\/www.diarioimagen.net\/?p=271851"},"modified":"2016-05-31T22:54:11","modified_gmt":"2016-06-01T03:54:11","slug":"comedores-comunitarios-benefician-a-500-mil-epn","status":"publish","type":"post","link":"https:\/\/www.diarioimagen.net\/?p=271851","title":{"rendered":"Comedores comunitarios benefician a 500 mil: EPN"},"content":{"rendered":"<ul>\n<li><strong><em>Se promover\u00e1n cultura y esparcimiento<\/em><\/strong><\/li>\n<\/ul>\n<p>&nbsp;<\/p>\n<div id=\"attachment_271962\" style=\"width: 430px\" class=\"wp-caption aligncenter\"><a href=\"http:\/\/www.diarioimagen.net\/?attachment_id=271962\" rel=\"attachment wp-att-271962\"><img loading=\"lazy\" decoding=\"async\" aria-describedby=\"caption-attachment-271962\" class=\"size-large wp-image-271962\" src=\"http:\/\/www.diarioimagen.net\/wp-content\/uploads\/2016\/05\/epn-2878-420x236.jpg\" alt=\"El presidente Enrique Pe\u00f1a Nieto, en la comunidad de Tres Palos, entreg\u00f3 virtualmente 200 comedores m\u00e1s al estado de Guerrero.\" width=\"420\" height=\"236\" srcset=\"https:\/\/www.diarioimagen.net\/wp-content\/uploads\/2016\/05\/epn-2878-420x236.jpg 420w, https:\/\/www.diarioimagen.net\/wp-content\/uploads\/2016\/05\/epn-2878-240x135.jpg 240w, https:\/\/www.diarioimagen.net\/wp-content\/uploads\/2016\/05\/epn-2878-768x432.jpg 768w, https:\/\/www.diarioimagen.net\/wp-content\/uploads\/2016\/05\/epn-2878-480x270.jpg 480w, https:\/\/www.diarioimagen.net\/wp-content\/uploads\/2016\/05\/epn-2878-235x132.jpg 235w, https:\/\/www.diarioimagen.net\/wp-content\/uploads\/2016\/05\/epn-2878-202x114.jpg 202w, https:\/\/www.diarioimagen.net\/wp-content\/uploads\/2016\/05\/epn-2878-350x196.jpg 350w, https:\/\/www.diarioimagen.net\/wp-content\/uploads\/2016\/05\/epn-2878-220x123.jpg 220w, https:\/\/www.diarioimagen.net\/wp-content\/uploads\/2016\/05\/epn-2878-237x132.jpg 237w, https:\/\/www.diarioimagen.net\/wp-content\/uploads\/2016\/05\/epn-2878.jpg 1200w\" sizes=\"auto, (max-width: 420px) 100vw, 420px\" \/><\/a><p id=\"caption-attachment-271962\" class=\"wp-caption-text\">El presidente Enrique Pe\u00f1a Nieto, en la comunidad de Tres Palos, entreg\u00f3 virtualmente 200 comedores m\u00e1s al estado de Guerrero.<\/p><\/div>\n<p>&nbsp;<\/p>\n<p>El presidente Enrique Pe\u00f1a Nieto destac\u00f3 que medio mill\u00f3n de personas se alimentan dos veces al d\u00eda en los 5 mil 200 comedores comunitarios que hay en el pa\u00eds, gracias a la labor de m\u00e1s de 60 mil voluntarios capacitados por personal del Ej\u00e9rcito y la Marina, a quienes agradeci\u00f3 y resalt\u00f3 su labor.<\/p>\n<p>Tambi\u00e9n destac\u00f3 el apoyo de empresas privadas y de distintas dependencias para lograr que esos comedores sean espacios dignos y decorosos donde adem\u00e1s de asegurar la alimentaci\u00f3n de miles de personas, se han convertido en sitios convivencia familiar y capacitaci\u00f3n.<\/p>\n<p>En la comunidad de Tres Palos, donde entreg\u00f3 virtualmente 200 comedores m\u00e1s al estado de Guerrero, el mandatario record\u00f3 que la Cruzada Nacional Contra el Hambre impulsada por la Secretar\u00eda de Desarrollo Social (Sedesol), \u201ces un esfuerzo para atender las necesidades de quienes menos tienen\u201d.<\/p>\n<p>Para brindar alimentos adecuados y balanceados a la poblaci\u00f3n que lo necesita, los cinco mil 200 espacios de ese tipo que hay en todo el pa\u00eds tendr\u00e1n techo y piso firmes, adem\u00e1s de electricidad, drenaje e Internet, indic\u00f3 el mandatario.<\/p>\n<p>En esta comunidad del municipio de Acapulco, donde anunci\u00f3 la ampliaci\u00f3n del Sistema Nacional de Comedores Comunitarios, dijo que se trata de que no solamente ayuden a mejorar la alimentaci\u00f3n de los beneficiados, sino que sean espacios dignos y decorosos.<\/p>\n<p>Tambi\u00e9n que los comedores tengan \u201cun objetivo mayor\u201d, como difundir cultura y entretenimiento, que sean espacios de diversi\u00f3n donde los beneficiarios puedan ver pel\u00edculas, escuchar m\u00fasica y asistIR a talleres de lectura, e incluso que los adultos mayores puedan concluir sus estudios de secundaria.<\/p>\n<p>Acompa\u00f1ado por los secretarios de la Defensa Nacional, general Salvador Cienfuegos Zepeda; de Marina, almirante Vidal Francisco Sober\u00f3n Sanz, y de Desarrollo Social, Jos\u00e9 Antonio Meade Kuribre\u00f1a, subray\u00f3 que en Guerrero se cumpli\u00f3 el compromiso hecho en enero de ampliar de mil a mil 200 la cifra de comedores comunitarios.<\/p>\n<p>El Ejecutivo federal reconoci\u00f3 que la entidad enfrenta diversos rezagos, pero \u201cestamos pendientes de ello porque no los estamos dejando solos. Estoy al pendiente y d\u00e1ndole seguimiento a todas las tareas en Guerrero\u201d.<\/p>\n<p>En presencia de beneficiarios e integrantes de las fuerzas armadas que colaboran en la Cruzada sin Hambre, agradeci\u00f3 el trabajo del personal del Ej\u00e9rcito y la Marina que da capacitaci\u00f3n para la preparaci\u00f3n de alimentos, as\u00ed como a los voluntarios que atienden estos centros.<\/p>\n<p>\u201cLa tarea que ustedes realizan, m\u00e1s de 60 mil voluntarias y voluntarios que est\u00e1n en los comedores, nos est\u00e1n permitiendo atender a medio mill\u00f3n de personas que hoy est\u00e1n teniendo diaria alimentaci\u00f3n\u201d, resalt\u00f3 Pe\u00f1a Nieto.<\/p>\n<p>Antes de visitar uno de los 200 espacios de ese tipo en la entidad, donde comparti\u00f3 alimentos con ni\u00f1os, resalt\u00f3 que \u201cGuerrero es uno de los estados donde tenemos instalados el mayor n\u00famero de comedores comunitarios; de los m\u00e1s de cinco mil (en territorio nacional), mil est\u00e1n aqu\u00ed, en Guerrero\u201d.<\/p>\n<p>\u201cHoy vengo a entregar 200 comedores (m\u00e1s), porque son mil 200 comedores comunitarios que alimentan a familias de esta entidad, que es Guerrero\u201d, declar\u00f3.<\/p>\n<p>Pe\u00f1a Nieto record\u00f3 que desde el inicio de su gobierno se reconoci\u00f3 que \u201chab\u00eda m\u00e1s de siete millones de mexicanas y de mexicanos que no ten\u00edan asegurada su alimentaci\u00f3n, que a veces com\u00edan y que a veces no, que hab\u00eda d\u00edas en los que no ten\u00edan con qu\u00e9 alimentarse o a veces no ten\u00edan suficiente alimentaci\u00f3n, no estaba garantizada\u201d.<\/p>\n<p>\u201cEmprendimos entonces la llamada Cruzada Nacional Contra el Hambre, porque esta cruzada no es solo la tarea del Gobierno y de diferentes dependencias gubernamentales, implica un esfuerzo, una convocatoria a toda la sociedad, al sector privado, al sector p\u00fablico\u201d, recalc\u00f3.<\/p>\n<p>&nbsp;<\/p>\n","protected":false},"excerpt":{"rendered":"<p>El presidente Enrique Pe\u00f1a Nieto destac\u00f3 que medio mill\u00f3n de personas se alimentan dos veces al d\u00eda en los 5 mil 200 comedores comunitarios que hay en el pa\u00eds, gracias a la labor de m\u00e1s de 60 mil voluntarios capacitados por personal del Ej\u00e9rcito y la Marina, a quienes agradeci\u00f3 y resalt\u00f3 su labor.<\/p>\n","protected":false},"author":3,"featured_media":271962,"comment_status":"open","ping_status":"open","sticky":false,"template":"","format":"standard","meta":{"_monsterinsights_skip_tracking":false,"_monsterinsights_sitenote_active":false,"_monsterinsights_sitenote_note":"","_monsterinsights_sitenote_category":0,"footnotes":""},"categories":[3],"tags":[34028,45124,18,43673],"class_list":["post-271851","post","type-post","status-publish","format-standard","has-post-thumbnail","hentry","category-nacional","tag-beneficio","tag-comedores-comunitarios","tag-enrique-pena-nieto","tag-nacional"],"_links":{"self":[{"href":"https:\/\/www.diarioimagen.net\/index.php?rest_route=\/wp\/v2\/posts\/271851","targetHints":{"allow":["GET"]}}],"collection":[{"href":"https:\/\/www.diarioimagen.net\/index.php?rest_route=\/wp\/v2\/posts"}],"about":[{"href":"https:\/\/www.diarioimagen.net\/index.php?rest_route=\/wp\/v2\/types\/post"}],"author":[{"embeddable":true,"href":"https:\/\/www.diarioimagen.net\/index.php?rest_route=\/wp\/v2\/users\/3"}],"replies":[{"embeddable":true,"href":"https:\/\/www.diarioimagen.net\/index.php?rest_route=%2Fwp%2Fv2%2Fcomments&post=271851"}],"version-history":[{"count":0,"href":"https:\/\/www.diarioimagen.net\/index.php?rest_route=\/wp\/v2\/posts\/271851\/revisions"}],"wp:featuredmedia":[{"embeddable":true,"href":"https:\/\/www.diarioimagen.net\/index.php?rest_route=\/wp\/v2\/media\/271962"}],"wp:attachment":[{"href":"https:\/\/www.diarioimagen.net\/index.php?rest_route=%2Fwp%2Fv2%2Fmedia&parent=271851"}],"wp:term":[{"taxonomy":"category","embeddable":true,"href":"https:\/\/www.diarioimagen.net\/index.php?rest_route=%2Fwp%2Fv2%2Fcategories&post=271851"},{"taxonomy":"post_tag","embeddable":true,"href":"https:\/\/www.diarioimagen.net\/index.php?rest_route=%2Fwp%2Fv2%2Ftags&post=271851"}],"curies":[{"name":"wp","href":"https:\/\/api.w.org\/{rel}","templated":true}]}}