{"id":271862,"date":"2016-05-31T00:01:17","date_gmt":"2016-05-31T05:01:17","guid":{"rendered":"http:\/\/www.diarioimagen.net\/?p=271862"},"modified":"2016-05-31T23:01:17","modified_gmt":"2016-06-01T04:01:17","slug":"de-durango-a-los-angeles-nueva-ruta-de-volaris-a-partir-del-proximo-12-de-julio-con-dos-frecuencias-semanales","status":"publish","type":"post","link":"https:\/\/www.diarioimagen.net\/?p=271862","title":{"rendered":"De Durango a Los \u00c1ngeles, nueva ruta de Volaris a partir del pr\u00f3ximo 12 de julio, con dos frecuencias semanales"},"content":{"rendered":"<h2>De cinco estrellas<\/h2>\n<h5>Victoria Gonz\u00e1lez Prado<\/h5>\n<p>&nbsp;<\/p>\n<ul>\n<li><em><strong>Por quinto a\u00f1o consecutivo, <\/strong><\/em><strong>AMResorts<\/strong><em><strong> ha sido galardonada como una de las \u201cSuperempresas 2016\u201d, manteniendo su posici\u00f3n dentro del Top 10<\/strong><\/em><\/li>\n<li><em><strong>Minne\u00e1polis fue nombrada entre las ocho \u201cMejores Ciudades Musicales de Estados Unidos\u201d<\/strong><\/em><\/li>\n<\/ul>\n<p>&nbsp;<\/p>\n<div id=\"attachment_271965\" style=\"width: 430px\" class=\"wp-caption aligncenter\"><a href=\"http:\/\/www.diarioimagen.net\/?attachment_id=271965\" rel=\"attachment wp-att-271965\"><img loading=\"lazy\" decoding=\"async\" aria-describedby=\"caption-attachment-271965\" class=\"size-large wp-image-271965\" src=\"http:\/\/www.diarioimagen.net\/wp-content\/uploads\/2016\/05\/turismo-2878-420x236.jpg\" alt=\"De Durango a Los \u00c1\u0081ngeles.\" width=\"420\" height=\"236\" srcset=\"https:\/\/www.diarioimagen.net\/wp-content\/uploads\/2016\/05\/turismo-2878-420x236.jpg 420w, https:\/\/www.diarioimagen.net\/wp-content\/uploads\/2016\/05\/turismo-2878-240x135.jpg 240w, https:\/\/www.diarioimagen.net\/wp-content\/uploads\/2016\/05\/turismo-2878-235x132.jpg 235w, https:\/\/www.diarioimagen.net\/wp-content\/uploads\/2016\/05\/turismo-2878-202x114.jpg 202w, https:\/\/www.diarioimagen.net\/wp-content\/uploads\/2016\/05\/turismo-2878-350x196.jpg 350w, https:\/\/www.diarioimagen.net\/wp-content\/uploads\/2016\/05\/turismo-2878-220x123.jpg 220w, https:\/\/www.diarioimagen.net\/wp-content\/uploads\/2016\/05\/turismo-2878-237x132.jpg 237w, https:\/\/www.diarioimagen.net\/wp-content\/uploads\/2016\/05\/turismo-2878.jpg 480w\" sizes=\"auto, (max-width: 420px) 100vw, 420px\" \/><\/a><p id=\"caption-attachment-271965\" class=\"wp-caption-text\">De Durango a Los \u00c1\u0081ngeles.<\/p><\/div>\n<p>&nbsp;<\/p>\n<p>La nueva ruta hacia Los \u00c1ngeles desde la ciudad de Durango, la iniciar\u00e1 Volaris el pr\u00f3ximo 12 de julio con dos frecuencias semanales.<\/p>\n<p><strong>Holger Blankenstein<\/strong>, director ejecutivo comercial de la aerol\u00ednea, dijo: \u201cestamos muy contentos de agregar esta ruta a nuestro cat\u00e1logo de destinos, pues de esta manera, ofrecemos a nuestros clientes una excelente opci\u00f3n para reunirse con sus familiares y amigos, a bordo de una de las flotas m\u00e1s j\u00f3venes de las Am\u00e9ricas y con las tarifas m\u00e1s bajas del mercado\u201d.<\/p>\n<p>Esta nueva ruta refuerza el objetivo de la aerol\u00ednea por ofrecer mayores posibilidades para conectar a M\u00e9xico desde distintas latitudes con Estados Unidos, consolid\u00e1ndose como la aerol\u00ednea mexicana con la mayor oferta de rutas hacia ese pa\u00eds, con 48 rutas a 23 destinos estadounidenses.<\/p>\n<p>Los interesados en volar en esta nueva rutas, podr\u00e1n hacerlo a partir del 12 de julio en los siguientes horarios y frecuencias: Durango, Durango-Los \u00c1ngeles, California. Martes y viernes.\u00a0Salida de Los \u00c1ngeles a las 14:08 horas, llegando a Durango a las 19:04 horas y de Durango, a las 20:37 horas, llegando a Los \u00c1ngeles a las 21:30 horas.<\/p>\n<p>Los boletos se pueden adquirir con una tarifa desde\u00a0129 d\u00f3lares vuelo sencillo y con impuestos incluidos, gracias a la compra anticipada y al innovador esquema \u201cT\u00fa decides\u201d, en el que solo pagas por lo que requieres. M\u00e1s informaci\u00f3n: <a href=\"http:\/\/www.volaris.com\/\" target=\"_blank\">www.volaris.com<\/a>.<\/p>\n<p>\u2730\u2730\u2730\u2730\u2730 Por quinto a\u00f1o consecutivo, <em>AMResorts<\/em>\u00a0 ha sido galardonada como una de las \u201cSuperempresas 2016\u201d, por la revista especializada en negocios, \u201cExpansi\u00f3n\u201d, manteniendo su posici\u00f3n dentro del Top 10.<\/p>\n<p>Cada a\u00f1o, la revista \u201cExpansi\u00f3n\u201d realiza la edici\u00f3n especial Superempresas, para detectar cu\u00e1les son las empresas comprometidas con el desarrollo y bienestar de sus colaboradores, as\u00ed como las acciones que realiza para lograrlo. La publicaci\u00f3n cuenta con un firme objetivo de analizar y presentar la realidad del mundo empresarial mexicano en cuanto a los componentes que influyen en la cultura y el clima de una organizaci\u00f3n. 178 compa\u00f1\u00edas fueron galardonadas, las cuales se dividieron en tres grupos de acuerdo al n\u00famero de colaboradores, logrando que <em>AMResorts<\/em> se mantuviera en la primera posici\u00f3n del sector \u201cHoteler\u00eda y Turismo\u201d dentro de la categor\u00eda de m\u00e1s de 3,000 empleados ocupando la sexta posici\u00f3n en un ranking de 25 empresas pertenecientes a esta clasificaci\u00f3n.<\/p>\n<p>Esta categor\u00eda tiene como tendencia, seg\u00fan el estudio realizado, la creaci\u00f3n e implementaci\u00f3n de plataformas de entrenamiento para los empleados con personal a su cargo, as\u00ed como fortalecer sus procesos de liderazgo, motivaci\u00f3n interna, reconocimiento de logros y estrategias de comunicaci\u00f3n.<\/p>\n<p><strong>Gonzalo Del Pe\u00f3n<\/strong>, presidente de <em>AMResorts<\/em>, dijo: \u201cmantener nuestra posici\u00f3n dentro del Top 10 de \u201cSuperempresas 2016\u201d y ser reconocidos como la primera del sector \u201cHoteler\u00eda y Turismo\u201d, es muy gratificante para nosotros, ya que nos indica\u00a0que\u00a0continuamos mejorando cada a\u00f1o las pr\u00e1cticas que tenemos hacia nuestros colaboradores, manteniendo firme nuestro objetivo como empresa, que es brindarle a cada uno de ellos mejores oportunidades de crecimiento personal y profesional\u00a0para continuar ofreciendo un excelente servicio a nuestros hu\u00e9spedes ysuperar cada d\u00eda sus expectativas\u201d.<\/p>\n<p>\u201cAgradezco el esfuerzo y compromiso que cada integrante del equipo ha brindado, ya que gracias a ellos nos hemos mantenido, durante los \u00faltimos cinco a\u00f1os, en el Top 10 de las mejores compa\u00f1\u00edas para trabajar en M\u00e9xico\u201d.<\/p>\n<p>Durante diez a\u00f1os, este importante ranking ha incluido a las empresas que destacan por sus estrategias implementadas en M\u00e9xico, continuando con un proceso de evaluaci\u00f3n de pr\u00e1cticas, pol\u00edticas y procedimientos enfocados a mejorar su liderazgo, comunicaci\u00f3n y cohesi\u00f3n. El estudio dio a conocer que las empresas ubicadas dentro del ranking motivaron a sus empleados y se enfocaron en el futuro para superar un a\u00f1o de incertidumbre.<\/p>\n<p>\u2730\u2730\u2730\u2730\u2730 Minne\u00e1polis, Minnesota fue nombrada por Travel+Leisure entre las ocho \u201cMejores Ciudades Musicales de Estados Unidos\u201d. La escena musical de las Ciudades Gemelas recibe un reconocimiento especial por sus festivales, talento local, diversidad y variedad de lugares.<\/p>\n<p>Ya sea que te guste el jazz y <em>blues, indie, punk, reggae, rock, country<\/em> o cl\u00e1sica, encontrar\u00e1s un lugar de m\u00fasica en vivo desde peque\u00f1as cafeter\u00edas y bares hasta auditorios y lugares reconocidos.\u00a0Algunos de los lugares favoritos de los locales son\u00a0<em>First Avenue, Varsity Theater, Mill City Nights, Icehouse, The Amsterdam, Triple Rock Club\u00a0<\/em>y<em>\u00a0<\/em><em>Cabooze<\/em>.<\/p>\n<p><em>First Avenue<\/em>\u00a0ha sido importante para la escena musical de las\u00a0<em>Twin Cities<\/em>\u00a0en las \u00faltimas cuatro d\u00e9cadas. El lugar est\u00e1 comprometido para mantener la excelencia del entretenimiento, arte y m\u00fasica.<\/p>\n<p><em>Mill City Nights<\/em>\u00a0est\u00e1 ubicado en el Distrito de Entretenimiento de <em>Downtown <\/em>Minne\u00e1polis. Construido a principios de 1900\u2019s, el espacio ofrece un hermoso dise\u00f1o arquitect\u00f3nico. El lugar cuenta con varios niveles permitiendo buena vista, adem\u00e1s que cuenta con una cocina profesional y tres bares. No solo es uno de los principales lugares para conciertos sino que tambi\u00e9n funciona como un espacio \u00fanico para eventos corporativos y privados, como bodas, fiestas, comidas y funciones privadas, entre otros.<\/p>\n<p>Los fan\u00e1ticos del jazz no se pueden perder\u00a0<em>The Dakota Jazz Club<\/em>\u00a0en <em>Downtown <\/em>Minneapolis o el nuevo\u00a0<em>Vieux Carre<\/em>\u00a0en St. Paul. <em>Fine Line Music<\/em> Caf\u00e9 y las series de conciertos en Minnesota Zoo ambas cuenta con alineaciones espectaculares, y <em>The Cedar Cultural Center<\/em> es reconocido por su m\u00fasica mundial.<\/p>\n<p>Los festivales musicales en el \u00e1rea de Minneapolis y St. Paul incluyen\u00a0<em>Rock The Garden\u00a0<\/em>y<em>\u00a0<\/em><em>Twin Cities Jazz Festival<\/em>\u00a0en junio,\u00a0<em>Basilica Block Party<\/em>\u00a0y\u00a0<em>Warped Tou<\/em>r en julio,\u00a0<em>Music in Mears<\/em>, entre otros.<\/p>\n<p>No te pierdas las series de conciertos de junio a agosto\u00a0<em>Berne Wood-Fired Pizza Summer Concert Series\u00a0<\/em>en donde disfrutar\u00e1s de pizza y m\u00fasica en vivo. O la Fiesta Anual de Verano en Flying Duchmen Motorcycle Club de New Ulm, ubicado en el esc\u00e9nico\u00a0<em>Minnesota River Valley<\/em>.<\/p>\n<p>Este 11 y 12 de junio habr\u00e1 m\u00fasica en vivo como\u00a0<em>The Organic Cowboys<\/em>\u00a0y la banda de rock cl\u00e1sica de Twin Cities,\u00a0<em>Them Pesky Kids<\/em>, as\u00ed como una exhibici\u00f3n de motocicletas y carros cl\u00e1sicos donde podr\u00e1s traer tu propio auto o simplemente admirar los que est\u00e9n ah\u00ed.<\/p>\n<p>A finales de julio estar\u00e1 el\u00a0<em>Fargo Blues Festival,\u00a0<\/em>uno de los mejores festivales de blues del pa\u00eds. Divi\u00e9rtete con 12 grupos en dos d\u00edas con conjuntos de clase mundial, comida, bebidas y disponibilidad para acampar. Tomar\u00e1 lugar en <em>Newman Outdoor Field.<\/em><\/p>\n<p>No dejes pasar la oportunidad de divertirte en otros festivales como el popular <em>Oktoberfest,\u00a0The Tribute Fest<\/em>\u00a0un festival de m\u00fasica <em>country, Nershfest Music Festival<\/em> con m\u00fasica en vivo, cervezas artesanales y comida, entre otros.<\/p>\n<p>En Minnesota podr\u00e1s encontrar festivales en cualquier fecha del a\u00f1o, tienes mucho que explorar en todo el estado. Si quieres saber m\u00e1s acerca de los eventos y lugares donde puedes disfrutar de conciertos y m\u00fasica en vivo, visita nuestro sitio\u00a0<a href=\"http:\/\/www.exploreminnesota.com\" target=\"_blank\">www.exploreminnesota.com<\/a><\/p>\n<p><em><a href=\"mailto:victoriagprado@gmail.com\" target=\"_blank\">victoriagprado@gmail.com<\/a><\/em><br \/>\n<em> Twitter: <a href=\"https:\/\/twitter.com\/victoriagprado\" target=\"_blank\">@victoriagprado<\/a><\/em><\/p>\n","protected":false},"excerpt":{"rendered":"<p>La nueva ruta hacia Los \u00c1ngeles desde la ciudad de Durango, la iniciar\u00e1 Volaris el pr\u00f3ximo 12 de julio con dos frecuencias semanales.<\/p>\n","protected":false},"author":3,"featured_media":271965,"comment_status":"open","ping_status":"open","sticky":false,"template":"","format":"standard","meta":{"_monsterinsights_skip_tracking":false,"_monsterinsights_sitenote_active":false,"_monsterinsights_sitenote_note":"","_monsterinsights_sitenote_category":0,"footnotes":""},"categories":[11],"tags":[107,43674,43681,106],"class_list":["post-271862","post","type-post","status-publish","format-standard","has-post-thumbnail","hentry","category-turismo","tag-de-cinco-estrellas","tag-opinion","tag-turismo","tag-victoria-gonzalez-prado"],"_links":{"self":[{"href":"https:\/\/www.diarioimagen.net\/index.php?rest_route=\/wp\/v2\/posts\/271862","targetHints":{"allow":["GET"]}}],"collection":[{"href":"https:\/\/www.diarioimagen.net\/index.php?rest_route=\/wp\/v2\/posts"}],"about":[{"href":"https:\/\/www.diarioimagen.net\/index.php?rest_route=\/wp\/v2\/types\/post"}],"author":[{"embeddable":true,"href":"https:\/\/www.diarioimagen.net\/index.php?rest_route=\/wp\/v2\/users\/3"}],"replies":[{"embeddable":true,"href":"https:\/\/www.diarioimagen.net\/index.php?rest_route=%2Fwp%2Fv2%2Fcomments&post=271862"}],"version-history":[{"count":0,"href":"https:\/\/www.diarioimagen.net\/index.php?rest_route=\/wp\/v2\/posts\/271862\/revisions"}],"wp:featuredmedia":[{"embeddable":true,"href":"https:\/\/www.diarioimagen.net\/index.php?rest_route=\/wp\/v2\/media\/271965"}],"wp:attachment":[{"href":"https:\/\/www.diarioimagen.net\/index.php?rest_route=%2Fwp%2Fv2%2Fmedia&parent=271862"}],"wp:term":[{"taxonomy":"category","embeddable":true,"href":"https:\/\/www.diarioimagen.net\/index.php?rest_route=%2Fwp%2Fv2%2Fcategories&post=271862"},{"taxonomy":"post_tag","embeddable":true,"href":"https:\/\/www.diarioimagen.net\/index.php?rest_route=%2Fwp%2Fv2%2Ftags&post=271862"}],"curies":[{"name":"wp","href":"https:\/\/api.w.org\/{rel}","templated":true}]}}