{"id":271872,"date":"2016-05-31T00:08:13","date_gmt":"2016-05-31T05:08:13","guid":{"rendered":"http:\/\/www.diarioimagen.net\/?p=271872"},"modified":"2016-05-31T03:57:11","modified_gmt":"2016-05-31T08:57:11","slug":"educacion-de-calidad-solo-con-digitalizacion-nuno","status":"publish","type":"post","link":"https:\/\/www.diarioimagen.net\/?p=271872","title":{"rendered":"Educaci\u00f3n de calidad, s\u00f3lo con digitalizaci\u00f3n: Nu\u00f1o"},"content":{"rendered":"<ul>\n<li><strong><em>Programa Bienestar Digital<\/em><\/strong><\/li>\n<\/ul>\n<p>&nbsp;<\/p>\n<div id=\"attachment_271968\" style=\"width: 430px\" class=\"wp-caption aligncenter\"><a href=\"http:\/\/www.diarioimagen.net\/?attachment_id=271968\" rel=\"attachment wp-att-271968\"><img loading=\"lazy\" decoding=\"async\" aria-describedby=\"caption-attachment-271968\" class=\"size-large wp-image-271968\" src=\"http:\/\/www.diarioimagen.net\/wp-content\/uploads\/2016\/05\/sep-2878-420x236.jpg\" alt=\"Aurelio Nu\u00f1o entreg\u00f3 computadoras port\u00e1tiles a m\u00e1s de mil 400 estudiantes de bachillerato en M\u00e9rida.\" width=\"420\" height=\"236\" srcset=\"https:\/\/www.diarioimagen.net\/wp-content\/uploads\/2016\/05\/sep-2878-420x236.jpg 420w, https:\/\/www.diarioimagen.net\/wp-content\/uploads\/2016\/05\/sep-2878-240x135.jpg 240w, https:\/\/www.diarioimagen.net\/wp-content\/uploads\/2016\/05\/sep-2878-235x132.jpg 235w, https:\/\/www.diarioimagen.net\/wp-content\/uploads\/2016\/05\/sep-2878-202x114.jpg 202w, https:\/\/www.diarioimagen.net\/wp-content\/uploads\/2016\/05\/sep-2878-350x196.jpg 350w, https:\/\/www.diarioimagen.net\/wp-content\/uploads\/2016\/05\/sep-2878-220x123.jpg 220w, https:\/\/www.diarioimagen.net\/wp-content\/uploads\/2016\/05\/sep-2878-237x132.jpg 237w, https:\/\/www.diarioimagen.net\/wp-content\/uploads\/2016\/05\/sep-2878.jpg 480w\" sizes=\"auto, (max-width: 420px) 100vw, 420px\" \/><\/a><p id=\"caption-attachment-271968\" class=\"wp-caption-text\">Aurelio Nu\u00f1o entreg\u00f3 computadoras port\u00e1tiles a m\u00e1s de mil 400 estudiantes de bachillerato en M\u00e9rida.<\/p><\/div>\n<p>&nbsp;<\/p>\n<p>El secretario de Educaci\u00f3n P\u00fablica federal, Aurelio Nu\u00f1o Mayer, dijo que el programa Bienestar Digital, apoyado con recursos federales y estatales, permite a alumnos de escasos recursos contar con herramientas digitales, hoy necesarias para tener una educaci\u00f3n de calidad y competitiva.<\/p>\n<p>El funcionario encabeza una gira de trabajo por Yucat\u00e1n, donde entreg\u00f3 computadoras port\u00e1tiles a m\u00e1s de mil 400 estudiantes de bachillerato en esta entidad.<\/p>\n<p>El primer punto de su gira fue la sala de usos m\u00faltiples del Instituto del Deporte del Estado de Yucat\u00e1n, en la que hizo entrega de computadoras a los beneficiarios de por lo menos cinco municipios y diversas comunidades de la capital yucateca.<\/p>\n<p>Ah\u00ed el secretario de Educaci\u00f3n expuso que este programa forma parte de los proyectos y programas que han logrado consolidarse de la mano de la reforma educativa, la cual tiene un avance contundente y significativo en este estado del sureste mexicano.<\/p>\n<p>Posteriormente, el funcionario federal se traslad\u00f3 junto con el gobernador Rolando Zapata Bello, al Centro de Convenciones Siglo XXI en donde de manera conjunta anunciaron la Reforma a la Ley General de Educaci\u00f3n en materia de Calendario Escolar.<\/p>\n<p>Ah\u00ed se explic\u00f3 que el pasado jueves se publicaron en el <em>Diario Oficial de la Federaci\u00f3n<\/em> los dos calendarios escolares vigentes para el pr\u00f3ximo ciclo escolar.<\/p>\n<p>Habr\u00e1 un calendario de 185 d\u00edas y en este caso la conclusi\u00f3n del a\u00f1o lectivo se program\u00f3 para el d\u00eda 27 de junio de 2017 y habr\u00e1 otro calendario de 200 d\u00edas de clases el cual concluye el 18 de julio del 2017. En ambos casos el inicio de clases es el 22 de agosto de 2017.<\/p>\n<p>Nu\u00f1o Mayer explic\u00f3 que de este modo se busca el mayor aprovechamiento de las jornadas escolares al interior del aula y que cada plantel pueda decidir si se mantiene con el calendario de 200 d\u00edas o utilizar el de 185 d\u00edas manteniendo las mismas horas efectivas en los salones.<\/p>\n<p>\u201cSon los maestros, padres de familia y dem\u00e1s miembros de la comunidad escolar de cada plantel los que decidan qu\u00e9 ciclo escolar se acomoda m\u00e1s a sus necesidades, lo que fortalecer\u00e1 y har\u00e1 m\u00e1s eficaz el sistema educativo nacional\u201d, subray\u00f3.<\/p>\n<p>Posteriormente, ofreci\u00f3 una conferencia de prensa en donde reiter\u00f3 que el tema de las movilizaciones emprendidas por la Coordinadora Nacional de Trabajadores de la Educaci\u00f3n, en algunos estados del pa\u00eds, no puede tener como centro del di\u00e1logo la demanda de eliminar la reforma educativa.<\/p>\n<p>\u201cPara nosotros el tema de fondo es el derecho a una educaci\u00f3n de calidad que todos los ni\u00f1os y j\u00f3venes mexicanos deben tener y particularmente en esos estados que son Michoac\u00e1n, Guerrero, Oaxaca y Chiapas\u201d.<\/p>\n<p>\u201cPara nosotros est\u00e1 de fondo el derecho que tienen a no quedarse sin clases, su derecho a tener maestros evaluados, bien formados y bien prepararos y por supuesto el derecho que tienen los maestros a tener una carrera por s\u00ed mismos, eso es lo que est\u00e1 de fondo\u201d, sostuvo.<\/p>\n<p>Tambi\u00e9n reiter\u00f3 que la idea es acabar con el antiguo sistema en donde se vend\u00edan las plazas magisteriales o bien se heredaban y en los que se presionaba a los maestros para salir a marchar y dejar sin clases a sus alumnos y por ello, se debe entender que s\u00ed hay disposici\u00f3n al di\u00e1logo pero tienen que \u201caceptar la reforma educativa\u201d.<\/p>\n<p>\u201cDeben de regresar ya a clases los pocos que siguen en paro y una vez que haya ese reconocimiento a la reforma, con mucho gusto nos sentamos a dialogar y de manera conjunta buscar los medios para que los cambios que promueve para fortalecer y mejorar nuestro sistema educativo, se aceleren\u201d, finaliz\u00f3.<\/p>\n<p>&nbsp;<\/p>\n","protected":false},"excerpt":{"rendered":"<p>El secretario de Educaci\u00f3n P\u00fablica federal, Aurelio Nu\u00f1o Mayer, dijo que el programa Bienestar Digital, apoyado con recursos federales y estatales, permite a alumnos de escasos recursos contar con herramientas digitales, hoy necesarias para tener una educaci\u00f3n de calidad y competitiva. El funcionario encabeza una gira de trabajo por Yucat\u00e1n, donde entreg\u00f3 computadoras port\u00e1tiles a m\u00e1s de mil 400 estudiantes de bachillerato en esta entidad.<\/p>\n","protected":false},"author":3,"featured_media":271968,"comment_status":"open","ping_status":"open","sticky":false,"template":"","format":"standard","meta":{"_monsterinsights_skip_tracking":false,"_monsterinsights_sitenote_active":false,"_monsterinsights_sitenote_note":"","_monsterinsights_sitenote_category":0,"footnotes":""},"categories":[3],"tags":[30144,43673,43203],"class_list":["post-271872","post","type-post","status-publish","format-standard","has-post-thumbnail","hentry","category-nacional","tag-aurelio-nuno-mayer","tag-nacional","tag-secretaria-de-eduacion-publica"],"_links":{"self":[{"href":"https:\/\/www.diarioimagen.net\/index.php?rest_route=\/wp\/v2\/posts\/271872","targetHints":{"allow":["GET"]}}],"collection":[{"href":"https:\/\/www.diarioimagen.net\/index.php?rest_route=\/wp\/v2\/posts"}],"about":[{"href":"https:\/\/www.diarioimagen.net\/index.php?rest_route=\/wp\/v2\/types\/post"}],"author":[{"embeddable":true,"href":"https:\/\/www.diarioimagen.net\/index.php?rest_route=\/wp\/v2\/users\/3"}],"replies":[{"embeddable":true,"href":"https:\/\/www.diarioimagen.net\/index.php?rest_route=%2Fwp%2Fv2%2Fcomments&post=271872"}],"version-history":[{"count":0,"href":"https:\/\/www.diarioimagen.net\/index.php?rest_route=\/wp\/v2\/posts\/271872\/revisions"}],"wp:featuredmedia":[{"embeddable":true,"href":"https:\/\/www.diarioimagen.net\/index.php?rest_route=\/wp\/v2\/media\/271968"}],"wp:attachment":[{"href":"https:\/\/www.diarioimagen.net\/index.php?rest_route=%2Fwp%2Fv2%2Fmedia&parent=271872"}],"wp:term":[{"taxonomy":"category","embeddable":true,"href":"https:\/\/www.diarioimagen.net\/index.php?rest_route=%2Fwp%2Fv2%2Fcategories&post=271872"},{"taxonomy":"post_tag","embeddable":true,"href":"https:\/\/www.diarioimagen.net\/index.php?rest_route=%2Fwp%2Fv2%2Ftags&post=271872"}],"curies":[{"name":"wp","href":"https:\/\/api.w.org\/{rel}","templated":true}]}}