{"id":272105,"date":"2016-06-01T00:02:36","date_gmt":"2016-06-01T05:02:36","guid":{"rendered":"http:\/\/www.diarioimagen.net\/?p=272105"},"modified":"2016-06-01T22:35:42","modified_gmt":"2016-06-02T03:35:42","slug":"banco-de-mexico-paga-200-mdd-de-comision-por-credito-del-fmi","status":"publish","type":"post","link":"https:\/\/www.diarioimagen.net\/?p=272105","title":{"rendered":"Banco de M\u00e9xico paga 200 mdd de comisi\u00f3n por cr\u00e9dito del FMI"},"content":{"rendered":"<ul>\n<li><strong><em>Ampliaci\u00f3n a 88 mil mdd<\/em><\/strong><\/li>\n<\/ul>\n<p>&nbsp;<\/p>\n<div id=\"attachment_272164\" style=\"width: 430px\" class=\"wp-caption aligncenter\"><a href=\"http:\/\/www.diarioimagen.net\/?attachment_id=272164\" rel=\"attachment wp-att-272164\"><img loading=\"lazy\" decoding=\"async\" aria-describedby=\"caption-attachment-272164\" class=\"size-large wp-image-272164\" src=\"http:\/\/www.diarioimagen.net\/wp-content\/uploads\/2016\/06\/FMI-2879-420x236.jpg\" alt=\"M\u00e9xico pag\u00f3 200 millones de d\u00f3lares como comisi\u00f3n por ampliar la l\u00ednea de cr\u00e9dito a 88 mil millones de d\u00f3lares que tiene con el FMI.\" width=\"420\" height=\"236\" srcset=\"https:\/\/www.diarioimagen.net\/wp-content\/uploads\/2016\/06\/FMI-2879-420x236.jpg 420w, https:\/\/www.diarioimagen.net\/wp-content\/uploads\/2016\/06\/FMI-2879-240x135.jpg 240w, https:\/\/www.diarioimagen.net\/wp-content\/uploads\/2016\/06\/FMI-2879-768x432.jpg 768w, https:\/\/www.diarioimagen.net\/wp-content\/uploads\/2016\/06\/FMI-2879-480x270.jpg 480w, https:\/\/www.diarioimagen.net\/wp-content\/uploads\/2016\/06\/FMI-2879-235x132.jpg 235w, https:\/\/www.diarioimagen.net\/wp-content\/uploads\/2016\/06\/FMI-2879-202x114.jpg 202w, https:\/\/www.diarioimagen.net\/wp-content\/uploads\/2016\/06\/FMI-2879-350x196.jpg 350w, https:\/\/www.diarioimagen.net\/wp-content\/uploads\/2016\/06\/FMI-2879-220x123.jpg 220w, https:\/\/www.diarioimagen.net\/wp-content\/uploads\/2016\/06\/FMI-2879-237x132.jpg 237w, https:\/\/www.diarioimagen.net\/wp-content\/uploads\/2016\/06\/FMI-2879.jpg 1200w\" sizes=\"auto, (max-width: 420px) 100vw, 420px\" \/><\/a><p id=\"caption-attachment-272164\" class=\"wp-caption-text\">M\u00e9xico pag\u00f3 200 millones de d\u00f3lares como comisi\u00f3n por ampliar la l\u00ednea de cr\u00e9dito a 88 mil millones de d\u00f3lares que tiene con el FMI.<\/p><\/div>\n<p>&nbsp;<\/p>\n<p>El Banco de M\u00e9xico (Banxico) pag\u00f3 200 millones de d\u00f3lares como comisi\u00f3n por ampliar la l\u00ednea de cr\u00e9dito que tiene con el Fondo Monetario Internacional (FMI), seg\u00fan su \u00faltimo reporte sobre las reservas internacionales.<\/p>\n<p>El FMI dijo el viernespasado que aprob\u00f3 una nueva y m\u00e1s amplia l\u00ednea de cr\u00e9dito flexible para M\u00e9xico por dos a\u00f1os, en un esfuerzo por ofrecer m\u00e1s protecci\u00f3n a la segunda mayor econom\u00eda de Latinoam\u00e9rica frente a los choques externos y la incertidumbre financiera global.<\/p>\n<p>La nueva l\u00ednea de cr\u00e9dito que tiene M\u00e9xico con la instituci\u00f3n financiera es por 88 mil millones de d\u00f3lares, en reemplazo de la anterior que era por 67 mil millones de d\u00f3lares y que venc\u00eda en noviembre pr\u00f3ximo.<\/p>\n<p>El Banxico dio a conocer que las reservas internacionales cayeron en 329 millones de d\u00f3lares durante la semana que termin\u00f3 el viernes 27 de mayo, lo que represent\u00f3 la cuarta ca\u00edda consecutiva.<\/p>\n<p>Por lo tanto, los activos internacionales del pa\u00eds se ubicaron en 176 mil 994 millones de d\u00f3lares el viernes pasado.<\/p>\n<p>La ca\u00edda en las reservas internacionales fue producto principalmente de la compra de d\u00f3lares realizada por elgobierno federal al Banxico por 170 millones de d\u00f3lares, el pago de la comisi\u00f3n al FMI y al aumento de 41 millones de d\u00f3lares por el cambio en la valuaci\u00f3n de los activos internacionales que maneja el instituto central.<\/p>\n<p style=\"text-align: center;\"><strong>Reservas se ubican en 176 mil 994 mdd<\/strong><\/p>\n<p>Al 27 de mayo pasado, el saldo de la reserva internacional fue de 176 mil 994 millones de d\u00f3lares, lo que represent\u00f3 un a reducci\u00f3n semanal de 329 millones de d\u00f3lares, inform\u00f3 Banxico.<\/p>\n<p>El instituto central se\u00f1al\u00f3 que esta variaci\u00f3n fue resultado de la compra de d\u00f3lares del gobierno federal al instituto central por 170 millones de d\u00f3lares, el pago de la comisi\u00f3n correspondiente por la ampliaci\u00f3n y renovaci\u00f3n de la L\u00ednea de Cr\u00e9dito Flexible con el Fondo Monetario Internacional por el equivalente a 200 millones de d\u00f3lares. As\u00ed como por un incremento de 41 millones de d\u00f3lares, debido principalmente al cambio en la valuaci\u00f3n de los activos internacionales del Banco de M\u00e9xico.<\/p>\n<p>&nbsp;<\/p>\n","protected":false},"excerpt":{"rendered":"<p>El Banco de M\u00e9xico (Banxico) pag\u00f3 200 millones de d\u00f3lares como comisi\u00f3n por ampliar la l\u00ednea de cr\u00e9dito que tiene con el Fondo Monetario Internacional (FMI), seg\u00fan su \u00faltimo reporte sobre las reservas internacionales.<\/p>\n","protected":false},"author":3,"featured_media":272164,"comment_status":"open","ping_status":"open","sticky":false,"template":"","format":"standard","meta":{"_monsterinsights_skip_tracking":false,"_monsterinsights_sitenote_active":false,"_monsterinsights_sitenote_note":"","_monsterinsights_sitenote_category":0,"footnotes":""},"categories":[8],"tags":[1520,43678,1481,43673],"class_list":["post-272105","post","type-post","status-publish","format-standard","has-post-thumbnail","hentry","category-finanzas","tag-banco-de-mexico","tag-finanzas","tag-fmi","tag-nacional"],"_links":{"self":[{"href":"https:\/\/www.diarioimagen.net\/index.php?rest_route=\/wp\/v2\/posts\/272105","targetHints":{"allow":["GET"]}}],"collection":[{"href":"https:\/\/www.diarioimagen.net\/index.php?rest_route=\/wp\/v2\/posts"}],"about":[{"href":"https:\/\/www.diarioimagen.net\/index.php?rest_route=\/wp\/v2\/types\/post"}],"author":[{"embeddable":true,"href":"https:\/\/www.diarioimagen.net\/index.php?rest_route=\/wp\/v2\/users\/3"}],"replies":[{"embeddable":true,"href":"https:\/\/www.diarioimagen.net\/index.php?rest_route=%2Fwp%2Fv2%2Fcomments&post=272105"}],"version-history":[{"count":0,"href":"https:\/\/www.diarioimagen.net\/index.php?rest_route=\/wp\/v2\/posts\/272105\/revisions"}],"wp:featuredmedia":[{"embeddable":true,"href":"https:\/\/www.diarioimagen.net\/index.php?rest_route=\/wp\/v2\/media\/272164"}],"wp:attachment":[{"href":"https:\/\/www.diarioimagen.net\/index.php?rest_route=%2Fwp%2Fv2%2Fmedia&parent=272105"}],"wp:term":[{"taxonomy":"category","embeddable":true,"href":"https:\/\/www.diarioimagen.net\/index.php?rest_route=%2Fwp%2Fv2%2Fcategories&post=272105"},{"taxonomy":"post_tag","embeddable":true,"href":"https:\/\/www.diarioimagen.net\/index.php?rest_route=%2Fwp%2Fv2%2Ftags&post=272105"}],"curies":[{"name":"wp","href":"https:\/\/api.w.org\/{rel}","templated":true}]}}