{"id":272231,"date":"2016-06-02T00:08:44","date_gmt":"2016-06-02T05:08:44","guid":{"rendered":"http:\/\/www.diarioimagen.net\/?p=272231"},"modified":"2016-06-02T22:06:10","modified_gmt":"2016-06-03T03:06:10","slug":"valle-de-mexico-solo-ha-tenido-19-dias-limpios-este-ano","status":"publish","type":"post","link":"https:\/\/www.diarioimagen.net\/?p=272231","title":{"rendered":"S\u00f3lo 19 d\u00edas limpios este a\u00f1o en \u00c1rea Metropolitana"},"content":{"rendered":"<ul>\n<li><strong><em>Se han activado 8 alarmas<\/em><\/strong><\/li>\n<\/ul>\n<h6>Jos\u00e9 Luis Monta\u00f1ez<\/h6>\n<p>&nbsp;<\/p>\n<div id=\"attachment_272232\" style=\"width: 430px\" class=\"wp-caption aligncenter\"><a href=\"http:\/\/www.diarioimagen.net\/?attachment_id=272232\" rel=\"attachment wp-att-272232\"><img loading=\"lazy\" decoding=\"async\" aria-describedby=\"caption-attachment-272232\" class=\"wp-image-272232 size-large\" src=\"http:\/\/www.diarioimagen.net\/wp-content\/uploads\/2016\/06\/LIMPIO2-portal-420x236.jpg\" alt=\"En este a\u00f1o, s\u00f3lo 19 han sido los d\u00edas limpios en el Valle de M\u00e9xico ante la alta concentraci\u00f3n de di\u00f3xido de nitr\u00f3geno (NO2), di\u00f3xido de azufre (SO2) y de mon\u00f3xido de carbono (CO).\" width=\"420\" height=\"236\" srcset=\"https:\/\/www.diarioimagen.net\/wp-content\/uploads\/2016\/06\/LIMPIO2-portal-420x236.jpg 420w, https:\/\/www.diarioimagen.net\/wp-content\/uploads\/2016\/06\/LIMPIO2-portal-240x135.jpg 240w, https:\/\/www.diarioimagen.net\/wp-content\/uploads\/2016\/06\/LIMPIO2-portal-235x132.jpg 235w, https:\/\/www.diarioimagen.net\/wp-content\/uploads\/2016\/06\/LIMPIO2-portal-202x114.jpg 202w, https:\/\/www.diarioimagen.net\/wp-content\/uploads\/2016\/06\/LIMPIO2-portal-350x196.jpg 350w, https:\/\/www.diarioimagen.net\/wp-content\/uploads\/2016\/06\/LIMPIO2-portal-220x123.jpg 220w, https:\/\/www.diarioimagen.net\/wp-content\/uploads\/2016\/06\/LIMPIO2-portal-237x132.jpg 237w, https:\/\/www.diarioimagen.net\/wp-content\/uploads\/2016\/06\/LIMPIO2-portal.jpg 480w\" sizes=\"auto, (max-width: 420px) 100vw, 420px\" \/><\/a><p id=\"caption-attachment-272232\" class=\"wp-caption-text\">En este a\u00f1o, s\u00f3lo 19 han sido los d\u00edas limpios en la Zona Metropolitana ante la alta concentraci\u00f3n de di\u00f3xido de nitr\u00f3geno (NO2), di\u00f3xido de azufre (SO2) y de mon\u00f3xido de carbono (CO).<\/p><\/div>\n<p>&nbsp;<\/p>\n<p>De los 152 d\u00edas transcurridos este a\u00f1o, s\u00f3lo 19 han sido limpios en el Valle de M\u00e9xico, en los cuales se han registrado niveles menores de contaminantes a 100 puntos en el \u00cdndice Metropolitano de la Calidad del Aire (Imeca).<\/p>\n<p>La Direcci\u00f3n de Monitoreo Atmosf\u00e9rico detall\u00f3 en su p\u00e1gina de Internet que se han activado ocho contingencias fase I, cuatro precontingencias, y hasta ahora no ha habido Contingencia Fase II alguna.<\/p>\n<p>Detall\u00f3 que en 152 d\u00edas hubo concentraci\u00f3n m\u00e1xima de di\u00f3xido de nitr\u00f3geno (NO2), di\u00f3xido de azufre (SO2) y de mon\u00f3xido de carbono (CO) menores o iguales a 100 unidades.<\/p>\n<p>En la misma escala, en 92 d\u00edas se presentaron niveles m\u00e1ximos de part\u00edculas menores a 2.5 micr\u00f3metros (PM2.5), en 61 de ozono (O3), y en 27 d\u00edas de part\u00edculas suspendidas menores a 10 micr\u00f3metros (PM10).<\/p>\n<p style=\"text-align: center;\"><strong>Recomendaciones<\/strong><\/p>\n<p>Ante la mala calidad de aire en la Zona Metropolitana, la Comisi\u00f3n Ambiental de la Megal\u00f3polis (Came) recuerda a la poblaci\u00f3n que debe seguir diversas recomendaciones cuando se active la Fase 1 de Contingencia.<\/p>\n<p>En esta \u00e9poca se presentan elevados \u00edndices de ozono, los ni\u00f1os, adultos mayores y personas con problemas respiratorios o cardiovasculares deben permanecer en interiores.<\/p>\n<p>A los deportistas se sugiere abstenerse de realizar actividades f\u00edsicas al aire libre que requieran esfuerzo vigoroso.<\/p>\n<p>Se exhorta a las autoridades escolares de educaci\u00f3n preescolar, primaria, secundaria, de educaci\u00f3n media superior y superior de la Zona Metropolitana del valle de M\u00e9xico limitar las actividades que impliquen permanecer en el exterior.<\/p>\n<p>Entre ellas, las deportivas, c\u00edvicas sociales y de recreo con el objetivo de no exponer la salud de los ni\u00f1os, j\u00f3venes o adultos, medidas que aplican tambi\u00e9n a la poblaci\u00f3n en general, as\u00ed como la de no fumar en espacios cerrados.<\/p>\n<p>Para contribuir a reducir las emisiones de contaminantes se invita a utilizar el transporte y medios de movilidad no motorizados, como la bicicleta o caminar.<\/p>\n<p>Se aconseja a minimizar el uso del autom\u00f3vil, y en caso de utilizarse disminuir el n\u00famero y distancias de los viajes, y compartirlo con la familia, amigos y compa\u00f1eros.<\/p>\n<p>Hay que revisar el estado de los veh\u00edculos y asegurarse que se encuentra en las mejores condiciones mec\u00e1nicas, ya que los automotores en buenas condiciones emiten menos contaminantes.<\/p>\n<p>Tambi\u00e9n examinar la instalaci\u00f3n dom\u00e9stica de gas y asegurarse de que no haya fugas, pues los compuestos que conforman el gas para combusti\u00f3n tambi\u00e9n son precursores de ozono.<\/p>\n<p>&nbsp;<\/p>\n<blockquote>\n<h2 style=\"text-align: center;\">\nHoy no circulan s\u00f3lo veh\u00edculos de engomado verde<\/h2>\n<ul>\n<li><strong><em>Levantan contingencia en el Valle de M\u00e9xico<\/em><\/strong><\/li>\n<\/ul>\n<p>La Comisi\u00f3n Ambiental de la Megal\u00f3polis (CAMe) determin\u00f3 suspender la Fase 1 de Contingencia Ambiental decretada la tarde del pasado martes.<\/p>\n<p>En su reporte de las 18:00 horas, el organismo dio a conocer que las actuales condiciones ambientales favorecen la dispersi\u00f3n de contaminantes, adem\u00e1s de que los niveles de ozono se han reducido.<\/p>\n<p>Este jueves, el programa Hoy No Circula aplicar\u00e1 \u00fanicamente a los automotores con engomado verde y terminaci\u00f3n de placas 1 y 2, sin importar el tipo de holograma de verificaci\u00f3n vehicular que porten.<\/p>\n<p>\u201cEl sistema de alta presi\u00f3n que ha mantenido condiciones adversas para la dispersi\u00f3n de los contaminantes en la regi\u00f3n central del pa\u00eds, se desplaza hacia el oeste del territorio nacional permitiendo condiciones meteorol\u00f3gicas que ser\u00e1n favorables para la dispersi\u00f3n de la contaminaci\u00f3n durante el resto de la tarde\u201d, expuso en un comunicado.<\/p>\n<p>De acuerdo con los modelos meteorol\u00f3gicos, para este jueves el sistema de alta presi\u00f3n continuar\u00e1 perdiendo intensidad, por lo que se espera una disminuci\u00f3n en la estabilidad atmosf\u00e9rica y mejor\u00eda en la dispersi\u00f3n de la contaminaci\u00f3n.<\/p>\n<p>Por otro lado, la concentraci\u00f3n m\u00e1xima de ozono reportada este jueves no super\u00f3 los 150 puntos en el \u00edndice de calidad del aire, de ah\u00ed que se tomara la determinaci\u00f3n de suspender la Contingencia Ambiental.<\/p>\n<p>Durante la permanencia de los elevados \u00edndices de ozono que se presentan entre las 13:00 y las 19:00 horas, la CAMe recomend\u00f3 que ni\u00f1os, personas adultas mayores o con problemas respiratorios y cardiovasculares permanezcan en interiores en las horas de m\u00e1xima concentraci\u00f3n, eviten actividades f\u00edsicas al aire libre, as\u00ed como exponerse a humo de cigarro en espacios cerrados.<\/p><\/blockquote>\n","protected":false},"excerpt":{"rendered":"<p><span style=\"color: #005497;\">Jos\u00e9 Luis Monta\u00f1ez<\/span><br \/>\n<br \/>\nDe los 152 d\u00edas transcurridos este a\u00f1o, s\u00f3lo 19 han sido limpios en el Valle de M\u00e9xico, en los cuales se han registrado niveles menores de contaminantes a 100 puntos en el \u00cdndice Metropolitano de la Calidad del Aire (Imeca).<\/p>\n","protected":false},"author":5,"featured_media":272232,"comment_status":"open","ping_status":"open","sticky":false,"template":"","format":"standard","meta":{"_monsterinsights_skip_tracking":false,"_monsterinsights_sitenote_active":false,"_monsterinsights_sitenote_note":"","_monsterinsights_sitenote_category":0,"footnotes":""},"categories":[3],"tags":[51302,34],"class_list":["post-272231","post","type-post","status-publish","format-standard","has-post-thumbnail","hentry","category-nacional","tag-fase-1","tag-valle-de-mexico"],"_links":{"self":[{"href":"https:\/\/www.diarioimagen.net\/index.php?rest_route=\/wp\/v2\/posts\/272231","targetHints":{"allow":["GET"]}}],"collection":[{"href":"https:\/\/www.diarioimagen.net\/index.php?rest_route=\/wp\/v2\/posts"}],"about":[{"href":"https:\/\/www.diarioimagen.net\/index.php?rest_route=\/wp\/v2\/types\/post"}],"author":[{"embeddable":true,"href":"https:\/\/www.diarioimagen.net\/index.php?rest_route=\/wp\/v2\/users\/5"}],"replies":[{"embeddable":true,"href":"https:\/\/www.diarioimagen.net\/index.php?rest_route=%2Fwp%2Fv2%2Fcomments&post=272231"}],"version-history":[{"count":0,"href":"https:\/\/www.diarioimagen.net\/index.php?rest_route=\/wp\/v2\/posts\/272231\/revisions"}],"wp:featuredmedia":[{"embeddable":true,"href":"https:\/\/www.diarioimagen.net\/index.php?rest_route=\/wp\/v2\/media\/272232"}],"wp:attachment":[{"href":"https:\/\/www.diarioimagen.net\/index.php?rest_route=%2Fwp%2Fv2%2Fmedia&parent=272231"}],"wp:term":[{"taxonomy":"category","embeddable":true,"href":"https:\/\/www.diarioimagen.net\/index.php?rest_route=%2Fwp%2Fv2%2Fcategories&post=272231"},{"taxonomy":"post_tag","embeddable":true,"href":"https:\/\/www.diarioimagen.net\/index.php?rest_route=%2Fwp%2Fv2%2Ftags&post=272231"}],"curies":[{"name":"wp","href":"https:\/\/api.w.org\/{rel}","templated":true}]}}