{"id":272287,"date":"2016-06-02T00:09:56","date_gmt":"2016-06-02T05:09:56","guid":{"rendered":"http:\/\/www.diarioimagen.net\/?p=272287"},"modified":"2016-06-02T04:07:37","modified_gmt":"2016-06-02T09:07:37","slug":"aumento-a-maestros-y-servidores-publicos","status":"publish","type":"post","link":"https:\/\/www.diarioimagen.net\/?p=272287","title":{"rendered":"Aumento a maestros y servidores p\u00fablicos"},"content":{"rendered":"<h2>Arco Norte<\/h2>\n<h5>Jos\u00e9 Luis Monta\u00f1ez Aguilar<\/h5>\n<p>&nbsp;<\/p>\n<p><a href=\"http:\/\/www.diarioimagen.net\/?attachment_id=272399\" rel=\"attachment wp-att-272399\"><img loading=\"lazy\" decoding=\"async\" class=\"aligncenter size-large wp-image-272399\" src=\"http:\/\/www.diarioimagen.net\/wp-content\/uploads\/2016\/06\/arco-2880-420x258.jpg\" alt=\"arco-2880\" width=\"420\" height=\"258\" srcset=\"https:\/\/www.diarioimagen.net\/wp-content\/uploads\/2016\/06\/arco-2880-420x258.jpg 420w, https:\/\/www.diarioimagen.net\/wp-content\/uploads\/2016\/06\/arco-2880-240x147.jpg 240w, https:\/\/www.diarioimagen.net\/wp-content\/uploads\/2016\/06\/arco-2880.jpg 680w\" sizes=\"auto, (max-width: 420px) 100vw, 420px\" \/><\/a><\/p>\n<p>&nbsp;<\/p>\n<p>El secretario de Finanzas, Joaqu\u00edn Castillo Torres, suscribi\u00f3 el Convenio de Sueldo y Prestaciones 2016, con el Sindicato de Maestros al Servicio del Estado de M\u00e9xico (SMSEM), con el que se autoriz\u00f3 un incremento de 3.15 por ciento al sueldo base.<\/p>\n<p>En presencia del l\u00edder sindical del SMSEM, Abraham Saron\u00e9 Campos, Joaqu\u00edn Castillo agradeci\u00f3 el apoyo y la apertura para la realizaci\u00f3n de este convenio. El funcionario estatal se\u00f1al\u00f3 que para seguir fortaleciendo la calidad de vida del magisterio, se increment\u00f3 en 35 millones de pesos el fondo de apoyo a la vivienda y se otorgar\u00e1 un apoyo de 57 millones de pesos para becas de los hijos de los profesores.<\/p>\n<p>Agreg\u00f3 que adem\u00e1s, se destinar\u00e1n 28 millones de pesos para la construcci\u00f3n y mantenimiento de centros de desarrollo y bienestar infantil en diversos municipios de la entidad mexiquense. Con la firma de este convenio se benefician directamente 105 mil 431 profesores del SMSEM.<\/p>\n<p style=\"text-align: center;\"><strong>Alza a servidores p\u00fablicos<\/strong><\/p>\n<p>Castillo Torres tambi\u00e9n suscribi\u00f3 el Convenio de Sueldo y Prestaciones 2016, con el Sindicato \u00danico de Trabajadores de los Poderes, Municipios e Instituciones Descentralizadas del Estado de M\u00e9xico (SUTEyM), con el que se autoriz\u00f3 un incremento de 3.15 por ciento al sueldo base.<\/p>\n<p>El secretario de Finanzas indic\u00f3 que se otorgaron 37 millones 400 mil pesos para la profesionalizaci\u00f3n de los trabajadores del estado; adem\u00e1s de 19 millones de pesos para el fondo de apoyo a la vivienda. Con la firma del convenio de sueldo y prestaciones se benefician directamente a 20 mil 124 servidores p\u00fablicos del SUTEyM.<\/p>\n","protected":false},"excerpt":{"rendered":"<p><span style=\"color: #005497;\">Jos\u00e9 Luis Monta\u00f1ez Aguilar<\/span><br \/>\n<br \/>\nEl secretario de Finanzas, Joaqu\u00edn Castillo Torres, suscribi\u00f3 el Convenio de Sueldo y Prestaciones 2016, con el Sindicato de Maestros al Servicio del Estado de M\u00e9xico (SMSEM), con el que se autoriz\u00f3 un incremento de 3.15 por ciento al sueldo base.<\/p>\n","protected":false},"author":3,"featured_media":272399,"comment_status":"open","ping_status":"open","sticky":false,"template":"","format":"standard","meta":{"_monsterinsights_skip_tracking":false,"_monsterinsights_sitenote_active":false,"_monsterinsights_sitenote_note":"","_monsterinsights_sitenote_category":0,"footnotes":""},"categories":[5],"tags":[13284,43704,43674,2575],"class_list":["post-272287","post","type-post","status-publish","format-standard","has-post-thumbnail","hentry","category-estado-de-mexico","tag-arco-norte","tag-jose-luis-montanez-aguilar","tag-opinion","tag-servidores-publicos"],"_links":{"self":[{"href":"https:\/\/www.diarioimagen.net\/index.php?rest_route=\/wp\/v2\/posts\/272287","targetHints":{"allow":["GET"]}}],"collection":[{"href":"https:\/\/www.diarioimagen.net\/index.php?rest_route=\/wp\/v2\/posts"}],"about":[{"href":"https:\/\/www.diarioimagen.net\/index.php?rest_route=\/wp\/v2\/types\/post"}],"author":[{"embeddable":true,"href":"https:\/\/www.diarioimagen.net\/index.php?rest_route=\/wp\/v2\/users\/3"}],"replies":[{"embeddable":true,"href":"https:\/\/www.diarioimagen.net\/index.php?rest_route=%2Fwp%2Fv2%2Fcomments&post=272287"}],"version-history":[{"count":0,"href":"https:\/\/www.diarioimagen.net\/index.php?rest_route=\/wp\/v2\/posts\/272287\/revisions"}],"wp:featuredmedia":[{"embeddable":true,"href":"https:\/\/www.diarioimagen.net\/index.php?rest_route=\/wp\/v2\/media\/272399"}],"wp:attachment":[{"href":"https:\/\/www.diarioimagen.net\/index.php?rest_route=%2Fwp%2Fv2%2Fmedia&parent=272287"}],"wp:term":[{"taxonomy":"category","embeddable":true,"href":"https:\/\/www.diarioimagen.net\/index.php?rest_route=%2Fwp%2Fv2%2Fcategories&post=272287"},{"taxonomy":"post_tag","embeddable":true,"href":"https:\/\/www.diarioimagen.net\/index.php?rest_route=%2Fwp%2Fv2%2Ftags&post=272287"}],"curies":[{"name":"wp","href":"https:\/\/api.w.org\/{rel}","templated":true}]}}