{"id":272289,"date":"2016-06-02T00:08:23","date_gmt":"2016-06-02T05:08:23","guid":{"rendered":"http:\/\/www.diarioimagen.net\/?p=272289"},"modified":"2016-06-02T04:56:56","modified_gmt":"2016-06-02T09:56:56","slug":"avanzan-obras-para-prevenir-inundaciones","status":"publish","type":"post","link":"https:\/\/www.diarioimagen.net\/?p=272289","title":{"rendered":"Avanzan obras para prevenir inundaciones"},"content":{"rendered":"<ul>\n<li><strong><em>En Nezahualc\u00f3yotl y Ecatepec<\/em><\/strong><\/li>\n<\/ul>\n<p>&nbsp;<\/p>\n<p><strong><a href=\"http:\/\/www.diarioimagen.net\/?attachment_id=272417\" rel=\"attachment wp-att-272417\"><img loading=\"lazy\" decoding=\"async\" class=\"alignleft  wp-image-272417\" src=\"http:\/\/www.diarioimagen.net\/wp-content\/uploads\/2016\/06\/Remedios-2880-390x420.jpg\" alt=\"Remedios-2880\" width=\"294\" height=\"317\" srcset=\"https:\/\/www.diarioimagen.net\/wp-content\/uploads\/2016\/06\/Remedios-2880-390x420.jpg 390w, https:\/\/www.diarioimagen.net\/wp-content\/uploads\/2016\/06\/Remedios-2880-223x240.jpg 223w, https:\/\/www.diarioimagen.net\/wp-content\/uploads\/2016\/06\/Remedios-2880.jpg 571w\" sizes=\"auto, (max-width: 294px) 100vw, 294px\" \/><\/a>Nezahualc\u00f3yotl, Estado de M\u00e9xico<\/strong>.- El embovedamiento del R\u00edo de los Remedios, lleva un avance de 20 por ciento, y ser\u00e1 fundamental para evitar inundaciones en la zona oriente del Estado de M\u00e9xico, beneficiando a municipios como Ecatepec, Nezahualc\u00f3yotl y Valle de Chalco, inform\u00f3 Javier Garc\u00eda Bejos, titular de la Secretar\u00eda del Trabajo, al recorrer y supervisar esta obra, en su calidad de presidente del Gabinete Regional XII.<\/p>\n<p>El secretario estatal supervis\u00f3 las lumbreras 3 y 4 del T\u00fanel Interceptor del R\u00edo de los Remedios (TIRR) en los tramos Oriente y Poniente, en el que estuvo acompa\u00f1ado por representantes de la Comisi\u00f3n Nacional del Agua (Conagua), e inform\u00f3 que actualmente se est\u00e1 trabajando en instalar conectores y drenes que van a evitar que los habitantes de los municipios de Ecatepec y Nezahualc\u00f3yotl, principalmente, sufran de inundaciones y pierdan su patrimonio, pues habr\u00e1 una mayor confluencia de los flujos y l\u00edquidos en esta zona.<\/p>\n<p>Previamente, supervis\u00f3 el operativo Transporte Estatal Seguro que se realiz\u00f3 en Perif\u00e9rico y Avenida Central, donde dio a conocer que en lo que va del a\u00f1o, en ciudad Nezahualc\u00f3yotl se han detenido a m\u00e1s de 400 unidades de transporte por no cumplir con los permisos de circulaci\u00f3n correspondientes y se han consignado a personas por portaci\u00f3n de armas.<\/p>\n","protected":false},"excerpt":{"rendered":"<p>El embovedamiento del R\u00edo de los Remedios, lleva un avance de 20 por ciento, y ser\u00e1 fundamental para evitar inundaciones en la zona oriente del Estado de M\u00e9xico, beneficiando a municipios como Ecatepec, Nezahualc\u00f3yotl y Valle de Chalco, inform\u00f3 Javier Garc\u00eda Bejos, titular de la Secretar\u00eda del Trabajo, al recorrer y supervisar esta obra, en su calidad de presidente del Gabinete Regional XII.<\/p>\n","protected":false},"author":3,"featured_media":272419,"comment_status":"open","ping_status":"open","sticky":false,"template":"","format":"standard","meta":{"_monsterinsights_skip_tracking":false,"_monsterinsights_sitenote_active":false,"_monsterinsights_sitenote_note":"","_monsterinsights_sitenote_category":0,"footnotes":""},"categories":[5],"tags":[43675,1985,1577,47870],"class_list":["post-272289","post","type-post","status-publish","format-standard","has-post-thumbnail","hentry","category-estado-de-mexico","tag-estado-de-mexico","tag-inundaciones","tag-nezahualcoyotl","tag-prevenir"],"_links":{"self":[{"href":"https:\/\/www.diarioimagen.net\/index.php?rest_route=\/wp\/v2\/posts\/272289","targetHints":{"allow":["GET"]}}],"collection":[{"href":"https:\/\/www.diarioimagen.net\/index.php?rest_route=\/wp\/v2\/posts"}],"about":[{"href":"https:\/\/www.diarioimagen.net\/index.php?rest_route=\/wp\/v2\/types\/post"}],"author":[{"embeddable":true,"href":"https:\/\/www.diarioimagen.net\/index.php?rest_route=\/wp\/v2\/users\/3"}],"replies":[{"embeddable":true,"href":"https:\/\/www.diarioimagen.net\/index.php?rest_route=%2Fwp%2Fv2%2Fcomments&post=272289"}],"version-history":[{"count":0,"href":"https:\/\/www.diarioimagen.net\/index.php?rest_route=\/wp\/v2\/posts\/272289\/revisions"}],"wp:featuredmedia":[{"embeddable":true,"href":"https:\/\/www.diarioimagen.net\/index.php?rest_route=\/wp\/v2\/media\/272419"}],"wp:attachment":[{"href":"https:\/\/www.diarioimagen.net\/index.php?rest_route=%2Fwp%2Fv2%2Fmedia&parent=272289"}],"wp:term":[{"taxonomy":"category","embeddable":true,"href":"https:\/\/www.diarioimagen.net\/index.php?rest_route=%2Fwp%2Fv2%2Fcategories&post=272289"},{"taxonomy":"post_tag","embeddable":true,"href":"https:\/\/www.diarioimagen.net\/index.php?rest_route=%2Fwp%2Fv2%2Ftags&post=272289"}],"curies":[{"name":"wp","href":"https:\/\/api.w.org\/{rel}","templated":true}]}}