{"id":272304,"date":"2016-06-02T00:14:39","date_gmt":"2016-06-02T05:14:39","guid":{"rendered":"http:\/\/www.diarioimagen.net\/?p=272304"},"modified":"2016-06-02T05:10:31","modified_gmt":"2016-06-02T10:10:31","slug":"cae-en-edomex-operador-del-grupo-de-los-rojos","status":"publish","type":"post","link":"https:\/\/www.diarioimagen.net\/?p=272304","title":{"rendered":"Cae en Edomex operador del grupo de \u201cLos Rojos\u201d"},"content":{"rendered":"<ul>\n<li><strong><em>En Villa Nicol\u00e1s Romero<\/em><\/strong><\/li>\n<\/ul>\n<p>&nbsp;<\/p>\n<div id=\"attachment_272425\" style=\"width: 230px\" class=\"wp-caption alignleft\"><a href=\"http:\/\/www.diarioimagen.net\/?attachment_id=272425\" rel=\"attachment wp-att-272425\"><img loading=\"lazy\" decoding=\"async\" aria-describedby=\"caption-attachment-272425\" class=\" wp-image-272425\" src=\"http:\/\/www.diarioimagen.net\/wp-content\/uploads\/2016\/06\/ROJOS-2880-280x420.jpg\" alt=\"La PF detuvo a Leonel Uri\u00f3stegui de la Sancha o Javier Guadarrama R\u00edos, brazo derecho del l\u00edder de \u201cLos Rojos\u201d.\" width=\"220\" height=\"330\" srcset=\"https:\/\/www.diarioimagen.net\/wp-content\/uploads\/2016\/06\/ROJOS-2880-280x420.jpg 280w, https:\/\/www.diarioimagen.net\/wp-content\/uploads\/2016\/06\/ROJOS-2880-160x240.jpg 160w, https:\/\/www.diarioimagen.net\/wp-content\/uploads\/2016\/06\/ROJOS-2880.jpg 353w\" sizes=\"auto, (max-width: 220px) 100vw, 220px\" \/><\/a><p id=\"caption-attachment-272425\" class=\"wp-caption-text\">La PF detuvo a Leonel Uri\u00f3stegui de la Sancha o Javier Guadarrama R\u00edos, brazo derecho del l\u00edder de \u201cLos Rojos\u201d.<\/p><\/div>\n<p>La Polic\u00eda Federal inform\u00f3 que detuvo a Leonel Uri\u00f3stegui de la Sancha o Javier Guadarrama R\u00edos, quien es brazo derecho de Santiago Mazari Hern\u00e1ndez, l\u00edder del grupo delictivo \u201cLos Rojos\u201d.<\/p>\n<p>El delincuente fue capturado por personal de la Divisi\u00f3n de Inteligencia en el municipio de Villa Nicol\u00e1s Romero, Estado de M\u00e9xico, con el apoyo del Ej\u00e9rcito, informaron funcionarios de la corporaci\u00f3n.<\/p>\n<p>Seg\u00fan informes de inteligencia, este sujeto autorizaba secuestros y ejecuciones contra de integrantes de bandas rivales, como Guerreros Unidos, y elementos de seguridad p\u00fablica.<\/p>\n<p>Adem\u00e1s controlaba la asignaci\u00f3n de recursos para el funcionamiento de casas de seguridad, veh\u00edculos y armamento, adem\u00e1s de ejercer supervisi\u00f3n en puntos de venta de droga al menudeo, as\u00ed como el trasiego de sustancias il\u00edcitas hacia el estado de Sonora.<\/p>\n<p>Leonel Uri\u00f3stegui utilizaba para sus comunicaciones distintas l\u00edneas y claves, pues le dec\u00edan \u201c\u00c1ngelo\u201d o \u201cDuva\u201d, \u201cChoco\u201d o \u201cVeneno\u201d; era el intendente de las casas de seguridad y el administrador de veh\u00edculos y armamento de la organizaci\u00f3n y el surtidor de sustancias il\u00edcitas a Sonora.<\/p>\n<p>Tiene 42 a\u00f1os de edad y recib\u00eda instrucciones directas de \u201cEl Carrete\u201d, capo de \u201cLos Rojos\u201d, independientemente de que administraba las plazas de Mazatepec, Jojutla, Xochitepec, Puente de Ixtla y Cuernavaca, Morelos.<\/p>\n<p>Desde hace tres meses la Polic\u00eda Federal le segu\u00eda los pasos y se supo que se hab\u00eda escondido en una de las casas de seguridad localizada en la zona de Tenancingo, y ah\u00ed se pudo penetrar sus comunicaciones, hasta que se le detuvo.<\/p>\n<p>El detenido cuenta con diversos antecedentes penales, en junio de 2008, fue detenido posesi\u00f3n de un arma corta y tambi\u00e9n cuenta con una orden de aprehensi\u00f3n emitida en su contra por parte del Poder Judicial del estado de Morelos, por el delito de homicidio calificado.<\/p>\n<p>Para evitar ser detenido, el presunto responsable durante los \u00faltimos d\u00edas se resguardaba en una casa de seguridad localizada en la zona de Tenalcingo-Chalma, Estado de M\u00e9xico.<\/p>\n<p>Fue trasladado por los polic\u00edas federales a las instalaciones de la Unidad Especializada en Investigaciones de Delitos en Materia de Secuestros de la Subprocuradur\u00eda Especializada en Investigaci\u00f3n de Delincuencia Organizada (SEIDO) en la Ciudad de M\u00e9xico, donde se determinar\u00e1 su situaci\u00f3n jur\u00eddica.<\/p>\n<p>&nbsp;<\/p>\n","protected":false},"excerpt":{"rendered":"<p>La Polic\u00eda Federal inform\u00f3 que detuvo a Leonel Uri\u00f3stegui de la Sancha o Javier Guadarrama R\u00edos, quien es brazo derecho de Santiago Mazari Hern\u00e1ndez, l\u00edder del grupo delictivo \u201cLos Rojos\u201d.<\/p>\n","protected":false},"author":3,"featured_media":272426,"comment_status":"open","ping_status":"open","sticky":false,"template":"","format":"standard","meta":{"_monsterinsights_skip_tracking":false,"_monsterinsights_sitenote_active":false,"_monsterinsights_sitenote_note":"","_monsterinsights_sitenote_category":0,"footnotes":""},"categories":[7],"tags":[43675,1350],"class_list":["post-272304","post","type-post","status-publish","format-standard","has-post-thumbnail","hentry","category-seguridad","tag-estado-de-mexico","tag-policia-federal"],"_links":{"self":[{"href":"https:\/\/www.diarioimagen.net\/index.php?rest_route=\/wp\/v2\/posts\/272304","targetHints":{"allow":["GET"]}}],"collection":[{"href":"https:\/\/www.diarioimagen.net\/index.php?rest_route=\/wp\/v2\/posts"}],"about":[{"href":"https:\/\/www.diarioimagen.net\/index.php?rest_route=\/wp\/v2\/types\/post"}],"author":[{"embeddable":true,"href":"https:\/\/www.diarioimagen.net\/index.php?rest_route=\/wp\/v2\/users\/3"}],"replies":[{"embeddable":true,"href":"https:\/\/www.diarioimagen.net\/index.php?rest_route=%2Fwp%2Fv2%2Fcomments&post=272304"}],"version-history":[{"count":0,"href":"https:\/\/www.diarioimagen.net\/index.php?rest_route=\/wp\/v2\/posts\/272304\/revisions"}],"wp:featuredmedia":[{"embeddable":true,"href":"https:\/\/www.diarioimagen.net\/index.php?rest_route=\/wp\/v2\/media\/272426"}],"wp:attachment":[{"href":"https:\/\/www.diarioimagen.net\/index.php?rest_route=%2Fwp%2Fv2%2Fmedia&parent=272304"}],"wp:term":[{"taxonomy":"category","embeddable":true,"href":"https:\/\/www.diarioimagen.net\/index.php?rest_route=%2Fwp%2Fv2%2Fcategories&post=272304"},{"taxonomy":"post_tag","embeddable":true,"href":"https:\/\/www.diarioimagen.net\/index.php?rest_route=%2Fwp%2Fv2%2Ftags&post=272304"}],"curies":[{"name":"wp","href":"https:\/\/api.w.org\/{rel}","templated":true}]}}