{"id":272325,"date":"2016-06-02T00:07:07","date_gmt":"2016-06-02T05:07:07","guid":{"rendered":"http:\/\/www.diarioimagen.net\/?p=272325"},"modified":"2016-06-02T05:12:10","modified_gmt":"2016-06-02T10:12:10","slug":"realiza-uaem-concurso-estatal-de-aparatos-y-experimentos-de-fisica","status":"publish","type":"post","link":"https:\/\/www.diarioimagen.net\/?p=272325","title":{"rendered":"Realiza UAEM Concurso Estatal de Aparatos y Experimentos de F\u00edsica"},"content":{"rendered":"<p><a href=\"http:\/\/www.diarioimagen.net\/?attachment_id=272429\" rel=\"attachment wp-att-272429\"><img loading=\"lazy\" decoding=\"async\" class=\"aligncenter size-large wp-image-272429\" src=\"http:\/\/www.diarioimagen.net\/wp-content\/uploads\/2016\/06\/UAEM-2880-420x236.jpg\" alt=\"UAEM-2880\" width=\"420\" height=\"236\" srcset=\"https:\/\/www.diarioimagen.net\/wp-content\/uploads\/2016\/06\/UAEM-2880-420x236.jpg 420w, https:\/\/www.diarioimagen.net\/wp-content\/uploads\/2016\/06\/UAEM-2880-240x135.jpg 240w, https:\/\/www.diarioimagen.net\/wp-content\/uploads\/2016\/06\/UAEM-2880-768x432.jpg 768w, https:\/\/www.diarioimagen.net\/wp-content\/uploads\/2016\/06\/UAEM-2880-480x270.jpg 480w, https:\/\/www.diarioimagen.net\/wp-content\/uploads\/2016\/06\/UAEM-2880-235x132.jpg 235w, https:\/\/www.diarioimagen.net\/wp-content\/uploads\/2016\/06\/UAEM-2880-202x114.jpg 202w, https:\/\/www.diarioimagen.net\/wp-content\/uploads\/2016\/06\/UAEM-2880-350x196.jpg 350w, https:\/\/www.diarioimagen.net\/wp-content\/uploads\/2016\/06\/UAEM-2880-220x123.jpg 220w, https:\/\/www.diarioimagen.net\/wp-content\/uploads\/2016\/06\/UAEM-2880-237x132.jpg 237w, https:\/\/www.diarioimagen.net\/wp-content\/uploads\/2016\/06\/UAEM-2880.jpg 1200w\" sizes=\"auto, (max-width: 420px) 100vw, 420px\" \/><\/a><\/p>\n<p>&nbsp;<\/p>\n<p>Con el objetivo de promover la participaci\u00f3n de estudiantes del nivel medio superior en el dise\u00f1o y desarrollo de aparatos tecnol\u00f3gicos o did\u00e1cticos, as\u00ed como experimentos de F\u00edsica, la Facultad de Ciencias de la Universidad Aut\u00f3noma del Estado de M\u00e9xico, en colaboraci\u00f3n con el gobierno del Estado de M\u00e9xico, la Sociedad Mexicana de F\u00edsica y el Consejo Mexiquense de Ciencia y Tecnolog\u00eda, lleva a cabo el Concurso Estatal de Aparatos y Experimentos de F\u00edsica.<\/p>\n","protected":false},"excerpt":{"rendered":"<p>Con el objetivo de promover la participaci\u00f3n de estudiantes del nivel medio superior en el dise\u00f1o y desarrollo de aparatos tecnol\u00f3gicos o did\u00e1cticos, as\u00ed como experimentos de F\u00edsica, la Facultad de Ciencias de la Universidad Aut\u00f3noma del Estado de M\u00e9xico, en colaboraci\u00f3n con el gobierno del Estado de M\u00e9xico, la Sociedad Mexicana de F\u00edsica y el Consejo Mexiquense de Ciencia y Tecnolog\u00eda, lleva a cabo el Concurso Estatal de Aparatos y Experimentos de F\u00edsica.<\/p>\n","protected":false},"author":3,"featured_media":272429,"comment_status":"open","ping_status":"open","sticky":false,"template":"","format":"standard","meta":{"_monsterinsights_skip_tracking":false,"_monsterinsights_sitenote_active":false,"_monsterinsights_sitenote_note":"","_monsterinsights_sitenote_category":0,"footnotes":""},"categories":[35155],"tags":[43390,48032,43675,1491],"class_list":["post-272325","post","type-post","status-publish","format-standard","has-post-thumbnail","hentry","category-estado-de-mexico-estado-de-mexico","tag-curso","tag-diseno","tag-estado-de-mexico","tag-uaem"],"_links":{"self":[{"href":"https:\/\/www.diarioimagen.net\/index.php?rest_route=\/wp\/v2\/posts\/272325","targetHints":{"allow":["GET"]}}],"collection":[{"href":"https:\/\/www.diarioimagen.net\/index.php?rest_route=\/wp\/v2\/posts"}],"about":[{"href":"https:\/\/www.diarioimagen.net\/index.php?rest_route=\/wp\/v2\/types\/post"}],"author":[{"embeddable":true,"href":"https:\/\/www.diarioimagen.net\/index.php?rest_route=\/wp\/v2\/users\/3"}],"replies":[{"embeddable":true,"href":"https:\/\/www.diarioimagen.net\/index.php?rest_route=%2Fwp%2Fv2%2Fcomments&post=272325"}],"version-history":[{"count":0,"href":"https:\/\/www.diarioimagen.net\/index.php?rest_route=\/wp\/v2\/posts\/272325\/revisions"}],"wp:featuredmedia":[{"embeddable":true,"href":"https:\/\/www.diarioimagen.net\/index.php?rest_route=\/wp\/v2\/media\/272429"}],"wp:attachment":[{"href":"https:\/\/www.diarioimagen.net\/index.php?rest_route=%2Fwp%2Fv2%2Fmedia&parent=272325"}],"wp:term":[{"taxonomy":"category","embeddable":true,"href":"https:\/\/www.diarioimagen.net\/index.php?rest_route=%2Fwp%2Fv2%2Fcategories&post=272325"},{"taxonomy":"post_tag","embeddable":true,"href":"https:\/\/www.diarioimagen.net\/index.php?rest_route=%2Fwp%2Fv2%2Ftags&post=272325"}],"curies":[{"name":"wp","href":"https:\/\/api.w.org\/{rel}","templated":true}]}}