{"id":272357,"date":"2016-06-02T00:02:30","date_gmt":"2016-06-02T05:02:30","guid":{"rendered":"http:\/\/www.diarioimagen.net\/?p=272357"},"modified":"2016-06-02T00:34:21","modified_gmt":"2016-06-02T05:34:21","slug":"la-cnte-imperdonable","status":"publish","type":"post","link":"https:\/\/www.diarioimagen.net\/?p=272357","title":{"rendered":"La CNTE, imperdonable"},"content":{"rendered":"<h2>Folclor urbano<\/h2>\n<h5>Salvador Estrada<\/h5>\n<p>&nbsp;<\/p>\n<p>Los v\u00e1ndalos de\u00a0 la Coordinadora Nacional de Trabajadores de la Educaci\u00f3n detienen a la fuerza a 14 maestros que no est\u00e1n de acuerdo con el paro de la CNTE, les quitan los zapatos, les colocan cartulinas en el pecho, con la frase \u201cSomos Traidores a la Patria\u201d despu\u00e9s los obligan a caminar descalzos, los llevan al mercado de Comit\u00e1n, Chiapas, y \u00a1los rapan!<\/p>\n<p>Esos maestros detenidos fueron vejados, y en su rostro se ve\u00eda el dolor de la impotencia, por no poder defenderse, y mientras los trasquilaban se burlaban y dos maestras, sexagenarias, entre los 14 detenidos, sentadas en el\u00a0suelo, ve\u00edan, aguantando el llanto, como ca\u00eda su pelambre. Estos hechos son imperdonables.<\/p>\n<p>Los fascistas del magisterio, hijos de Atila, y que no tienen madre, deben ser castigados, no s\u00f3lo cesados, sino encarcelarlos\u00a0 por atacar a unas\u00a0 mujeres de 60 a\u00f1os, cuyos derechos humanos fueron violados y vivieron el escarnio.<\/p>\n<p>La sociedad est\u00e1 irritada por las acciones de estos malos maestros de la CNTE, jijos de la jijurria, que son necios, que no quieren aceptar la reforma educativa, y que por su postura, paros y marchas, miles de ni\u00f1os se quedan sin clase.<\/p>\n<p>Pero, ahora resulta que la CNTE dio a conocer que los maestros de esa organizaci\u00f3n\u00a0sindical no fueron los autores de esa barbarie imperdonable, sino que fueron\u00a0\u201cinfiltrados y grupos de choque los responsables de los hechos\u201d.<\/p>\n<p>La Comisi\u00f3n Nacional de los Derechos Humanos, al difundirse esa \u201chijez\u201d repudi\u00f3 el hecho y abri\u00f3 \u201cuna queja de oficio para investigar las agresiones que sufrieron trabajadores del sector educativo por presuntos integrantes de la Coordinadora Nacional de Trabajadores de la Educaci\u00f3n, en\u00a0Comit\u00e1n de Dom\u00ednguez, Chiapas\u201d.<\/p>\n<p>Urge que las autoridades de la SEP y de la\u00a0 Procuradur\u00eda General de la Rep\u00fablica investiguen y detengan a los culpables y que a las maestras vejadas se les jubile de inmediato para que se vayan a sus hogares a descansar\u00a0 y para que olviden su dolor y su escarnio.<\/p>\n<p>La marcha de los maestros de la CNTE en otras entidades del pa\u00eds, y en especial en la capital de la Rep\u00fablica, ya deben llegar a su fin al igual que la prepotencia de Rub\u00e9n N\u00fa\u00f1ez y de Aurelio Nu\u00f1o para arreglar ese conflicto. Los dos se sienten due\u00f1os de la verdad y no dan su brazo a torcer. Ya deben dialogar y sentarse a las mesas de negociaci\u00f3n porque ese es el camino para que la educaci\u00f3n siga adelante, por el bien de M\u00e9xico.<\/p>\n<p>Basta de enfrentamientos y de retos. La CNTE sigue con sus marchas en la Ciudad de M\u00e9xico y con sus plantones, que los quitan y al otro d\u00eda vuelven. A qu\u00e9 le est\u00e1n jugando \u00bfal me quitas y me pongo, me pongo y me quitas?<\/p>\n<p><em><a href=\"mailto:chavasec@yahoo.com.mx\" target=\"_blank\">chavasec@yahoo.com.mx<\/a><\/em><\/p>\n","protected":false},"excerpt":{"rendered":"<p><span style=\"color: #005497;\"><strong>Salvador Estrada<\/strong><\/span><\/p>\n","protected":false},"author":3,"featured_media":0,"comment_status":"open","ping_status":"open","sticky":false,"template":"","format":"standard","meta":{"_monsterinsights_skip_tracking":false,"_monsterinsights_sitenote_active":false,"_monsterinsights_sitenote_note":"","_monsterinsights_sitenote_category":0,"footnotes":""},"categories":[41601],"tags":[41599,43674,41600],"class_list":["post-272357","post","type-post","status-publish","format-standard","hentry","category-salvador-estrada-opinion","tag-folclor-urbano","tag-opinion","tag-salvador-estrada"],"_links":{"self":[{"href":"https:\/\/www.diarioimagen.net\/index.php?rest_route=\/wp\/v2\/posts\/272357","targetHints":{"allow":["GET"]}}],"collection":[{"href":"https:\/\/www.diarioimagen.net\/index.php?rest_route=\/wp\/v2\/posts"}],"about":[{"href":"https:\/\/www.diarioimagen.net\/index.php?rest_route=\/wp\/v2\/types\/post"}],"author":[{"embeddable":true,"href":"https:\/\/www.diarioimagen.net\/index.php?rest_route=\/wp\/v2\/users\/3"}],"replies":[{"embeddable":true,"href":"https:\/\/www.diarioimagen.net\/index.php?rest_route=%2Fwp%2Fv2%2Fcomments&post=272357"}],"version-history":[{"count":0,"href":"https:\/\/www.diarioimagen.net\/index.php?rest_route=\/wp\/v2\/posts\/272357\/revisions"}],"wp:attachment":[{"href":"https:\/\/www.diarioimagen.net\/index.php?rest_route=%2Fwp%2Fv2%2Fmedia&parent=272357"}],"wp:term":[{"taxonomy":"category","embeddable":true,"href":"https:\/\/www.diarioimagen.net\/index.php?rest_route=%2Fwp%2Fv2%2Fcategories&post=272357"},{"taxonomy":"post_tag","embeddable":true,"href":"https:\/\/www.diarioimagen.net\/index.php?rest_route=%2Fwp%2Fv2%2Ftags&post=272357"}],"curies":[{"name":"wp","href":"https:\/\/api.w.org\/{rel}","templated":true}]}}