{"id":272464,"date":"2016-06-02T23:55:37","date_gmt":"2016-06-03T04:55:37","guid":{"rendered":"http:\/\/www.diarioimagen.net\/?p=272464"},"modified":"2016-06-03T00:06:21","modified_gmt":"2016-06-03T05:06:21","slug":"anllela-sagra-cautiva-a-4-8-millones-en-instagram","status":"publish","type":"post","link":"https:\/\/www.diarioimagen.net\/?p=272464","title":{"rendered":"Anllela Sagra cautiva a 4.8 millones en Instagram"},"content":{"rendered":"<div id=\"attachment_272465\" style=\"width: 430px\" class=\"wp-caption aligncenter\"><a href=\"http:\/\/www.diarioimagen.net\/?attachment_id=272465\" rel=\"attachment wp-att-272465\"><img loading=\"lazy\" decoding=\"async\" aria-describedby=\"caption-attachment-272465\" class=\"wp-image-272465\" src=\"http:\/\/www.diarioimagen.net\/wp-content\/uploads\/2016\/06\/anllela-sagra-POOORTAL-420x413.jpg\" alt=\"Anclela Sagra.\" width=\"420\" height=\"413\" srcset=\"https:\/\/www.diarioimagen.net\/wp-content\/uploads\/2016\/06\/anllela-sagra-POOORTAL-420x413.jpg 420w, https:\/\/www.diarioimagen.net\/wp-content\/uploads\/2016\/06\/anllela-sagra-POOORTAL-240x236.jpg 240w, https:\/\/www.diarioimagen.net\/wp-content\/uploads\/2016\/06\/anllela-sagra-POOORTAL-50x50.jpg 50w, https:\/\/www.diarioimagen.net\/wp-content\/uploads\/2016\/06\/anllela-sagra-POOORTAL-75x75.jpg 75w, https:\/\/www.diarioimagen.net\/wp-content\/uploads\/2016\/06\/anllela-sagra-POOORTAL-70x70.jpg 70w, https:\/\/www.diarioimagen.net\/wp-content\/uploads\/2016\/06\/anllela-sagra-POOORTAL.jpg 700w\" sizes=\"auto, (max-width: 420px) 100vw, 420px\" \/><\/a><p id=\"caption-attachment-272465\" class=\"wp-caption-text\">Anllela Sagra.<\/p><\/div>\n<p>&nbsp;<\/p>\n<p>Anllela Sagra es una modelo colombiana de 21 a\u00f1os, que deleita a sus seguidores con su escultural figura basada en el ejercicio y la buena alimentaci\u00f3n.<\/p>\n<p>Actualmente es una celebridad en las redes sociales al tener 4.8 millones de seguidores en Instagram. cientemente comparti\u00f3 una fotograf\u00eda muy sensual donde podemos apreciar su incre\u00edble anatom\u00eda, sin duda, una mujer encantadora.<\/p>\n","protected":false},"excerpt":{"rendered":"<p>Anllela Sagra es una modelo colombiana de 21 a\u00f1os, que deleita a sus seguidores con su escultural figura basada en el ejercicio y la buena alimentaci\u00f3n. Actualmente es una celebridad en las redes sociales al tener 4.8 millones de seguidores en Instagram. cientemente comparti\u00f3 una fotograf\u00eda muy sensual donde podemos apreciar su incre\u00edble anatom\u00eda, sin duda, una mujer encantadora.<\/p>\n","protected":false},"author":5,"featured_media":272466,"comment_status":"open","ping_status":"open","sticky":false,"template":"","format":"standard","meta":{"_monsterinsights_skip_tracking":false,"_monsterinsights_sitenote_active":false,"_monsterinsights_sitenote_note":"","_monsterinsights_sitenote_category":0,"footnotes":""},"categories":[17,12],"tags":[28807],"class_list":["post-272464","post","type-post","status-publish","format-standard","has-post-thumbnail","hentry","category-especiales","category-espectaculos","tag-instagram"],"_links":{"self":[{"href":"https:\/\/www.diarioimagen.net\/index.php?rest_route=\/wp\/v2\/posts\/272464","targetHints":{"allow":["GET"]}}],"collection":[{"href":"https:\/\/www.diarioimagen.net\/index.php?rest_route=\/wp\/v2\/posts"}],"about":[{"href":"https:\/\/www.diarioimagen.net\/index.php?rest_route=\/wp\/v2\/types\/post"}],"author":[{"embeddable":true,"href":"https:\/\/www.diarioimagen.net\/index.php?rest_route=\/wp\/v2\/users\/5"}],"replies":[{"embeddable":true,"href":"https:\/\/www.diarioimagen.net\/index.php?rest_route=%2Fwp%2Fv2%2Fcomments&post=272464"}],"version-history":[{"count":0,"href":"https:\/\/www.diarioimagen.net\/index.php?rest_route=\/wp\/v2\/posts\/272464\/revisions"}],"wp:featuredmedia":[{"embeddable":true,"href":"https:\/\/www.diarioimagen.net\/index.php?rest_route=\/wp\/v2\/media\/272466"}],"wp:attachment":[{"href":"https:\/\/www.diarioimagen.net\/index.php?rest_route=%2Fwp%2Fv2%2Fmedia&parent=272464"}],"wp:term":[{"taxonomy":"category","embeddable":true,"href":"https:\/\/www.diarioimagen.net\/index.php?rest_route=%2Fwp%2Fv2%2Fcategories&post=272464"},{"taxonomy":"post_tag","embeddable":true,"href":"https:\/\/www.diarioimagen.net\/index.php?rest_route=%2Fwp%2Fv2%2Ftags&post=272464"}],"curies":[{"name":"wp","href":"https:\/\/api.w.org\/{rel}","templated":true}]}}