{"id":272472,"date":"2016-06-03T00:04:16","date_gmt":"2016-06-03T05:04:16","guid":{"rendered":"http:\/\/www.diarioimagen.net\/?p=272472"},"modified":"2016-06-03T04:58:28","modified_gmt":"2016-06-03T09:58:28","slug":"manuel-carrasco-viene-para-bailar-el-viento","status":"publish","type":"post","link":"https:\/\/www.diarioimagen.net\/?p=272472","title":{"rendered":"Manuel Carrasco viene para \u201cBailar el viento\u201d"},"content":{"rendered":"<ul>\n<li><em><strong>El espa\u00f1ol lanza su disco en nuestro pa\u00eds y participa como asesor de Gloria Trevi en \u201cLa Voz\u2026M\u00e9xico\u201d<\/strong><\/em><\/li>\n<\/ul>\n<h6>Arturo Arellano<\/h6>\n<p>&nbsp;<\/p>\n<div id=\"attachment_272473\" style=\"width: 430px\" class=\"wp-caption aligncenter\"><a href=\"http:\/\/www.diarioimagen.net\/?attachment_id=272473\" rel=\"attachment wp-att-272473\"><img loading=\"lazy\" decoding=\"async\" aria-describedby=\"caption-attachment-272473\" class=\"size-large wp-image-272473\" src=\"http:\/\/www.diarioimagen.net\/wp-content\/uploads\/2016\/06\/manuel-carrasco-POOORTAL-420x280.jpg\" alt=\"Manuel Carrasco se muestra feliz por trabajar con Gloria Trevi, y ansioso al mismo tiempo por presentar su nuevo disco \u201cBailar al viento\u201d, con el cual en su natal Espa\u00f1a ha logrado conquistar muchos corazones.\" width=\"420\" height=\"280\" srcset=\"https:\/\/www.diarioimagen.net\/wp-content\/uploads\/2016\/06\/manuel-carrasco-POOORTAL-420x280.jpg 420w, https:\/\/www.diarioimagen.net\/wp-content\/uploads\/2016\/06\/manuel-carrasco-POOORTAL-240x160.jpg 240w, https:\/\/www.diarioimagen.net\/wp-content\/uploads\/2016\/06\/manuel-carrasco-POOORTAL.jpg 700w\" sizes=\"auto, (max-width: 420px) 100vw, 420px\" \/><\/a><p id=\"caption-attachment-272473\" class=\"wp-caption-text\">Manuel Carrasco se muestra feliz por trabajar con Gloria Trevi, y ansioso al mismo tiempo por presentar su nuevo disco \u201cBailar al viento\u201d, con el cual en su natal Espa\u00f1a ha logrado conquistar muchos corazones.<\/p><\/div>\n<p>&nbsp;<\/p>\n<p>Manuel Carrasco es un cantautor espa\u00f1ol que se encuentra lanzando su m\u00e1s reciente disco \u201cBailar al viento\u201d en M\u00e9xico, mismo que ya es todo un \u00e9xito en la Madre Patria y que ahora busca un lugar decoroso en Am\u00e9rica Latina empezando por nuestro pa\u00eds en el que est\u00e1 de visita adem\u00e1s para participar como asesor en el equipo de Gloria Trevi en algunos programas del reality show \u201cLa Voz\u2026 M\u00e9xico\u201d, empezando este domingo.<\/p>\n<p>En entrevista exclusiva con <strong>DIARIO IMAGEN<\/strong>, el cantante se dijo emocionado de la gran oportunidad que tiene de traer su disco a M\u00e9xico, pero tambi\u00e9n de poder participar en uno de los programas m\u00e1s exitosos en la actualidad, \u201ceste disco me llev\u00f3 varios meses de composici\u00f3n y despu\u00e9s otros tantos de producci\u00f3n, me junt\u00e9 con gente de varios lugares del mundo, grab\u00e9 en Nueva York y en Espa\u00f1a, mezclamos el disco con Michael Brauer, que es una eminencia en la m\u00fasica, y un gur\u00fa del sonido. Me tiene muy contento el resultado. Despu\u00e9s del \u00e9xito tan bonito e importante en Espa\u00f1a con la gira y el triple disco de platino, estamos tratando de hacer un caminito bonito en M\u00e9xico\u201d.<\/p>\n<p>Del disco, destac\u00f3 dos temas en particular \u201ctengo mucho cari\u00f1o por cada una de las canciones pero puedo hablar de \u2018Siendo uno mismo\u2019 que fue una canci\u00f3n que grab\u00e9 a contrarreloj el \u00faltimo d\u00eda que me iba a Nueva York a mezclar el disco, fue una canci\u00f3n que habla mucho de m\u00ed, la ten\u00eda dentro y ten\u00eda que escribirla, es bastante larga con mucha letra, el productor casi me mata porque ya estaba cerrado el disco y yo quer\u00eda ponerla, finalmente es una de las canciones que m\u00e1s ha gustado del disco, creo que no hay esfuerzo que por bien no venga\u201d.<\/p>\n<p>El otro tema \u201cYa no\u201d cuyo video ya cuenta con 24.7 millones de views en YouTube \u201cEs una canci\u00f3n muy interesante, la pen\u00faltima que escrib\u00ed para el disco y curiosamente la descubr\u00ed una ma\u00f1ana de estar sentado al piano haciendo una melod\u00eda, y me sonaba mucho, pens\u00e9 \u2018Se la habr\u00e9 copiado a alguien\u2019, mi esposa estaba en casa y me dijo \u2018esa me gusta\u2019, me sonaba bastante, hasta que fui al ordenador y me di cuenta de que ya ten\u00eda esa canci\u00f3n hecha desde seis meses atr\u00e1s aunque no la hab\u00eda terminado, no la sent\u00eda conmigo, se la mostr\u00e9 al productor y me dijo que deb\u00edamos hacerla, ahora es la canci\u00f3n m\u00e1s escuchada del \u00e1lbum, qu\u00e9 bueno que me acorde\u201d.<\/p>\n<p>De su participaci\u00f3n en \u201cLa Voz\u2026 M\u00e9xico\u201d exclam\u00f3 \u201ccreo que va a ser una experiencia muy bonita, Gloria Trevi es una artista muy bonita y voy a aprender mucho de ella porque es muy diferente a m\u00ed, ser\u00e1 algo fuerte trabajar con la gente joven. Tratar\u00e9 de transmitirles que sean ellos mismos, que est\u00e9n tranquilos y de esta manera poder sacar lo mejor de ellos, es importante sobre todo cuando te la juegas as\u00ed en una canci\u00f3n de tres minutos frente a millones de personas mir\u00e1ndote, as\u00ed que lo m\u00e1s importante es que est\u00e9s tranquilo. No se les va a ense\u00f1ar a cantar ah\u00ed, ni a mirar a c\u00e1maras o hacer canciones, m\u00e1s bien que est\u00e9n confiados y que crean en ellos mismos, que pisen fuerte y que viva la Virgen de Guadalupe\u201d, finaliz\u00f3.<\/p>\n","protected":false},"excerpt":{"rendered":"<p>Manuel Carrasco es un cantautor espa\u00f1ol que se encuentra lanzando su m\u00e1s reciente disco \u201cBailar al viento\u201d en M\u00e9xico, mismo que ya es todo un \u00e9xito en la Madre Patria y que ahora busca un lugar decoroso en Am\u00e9rica Latina empezando por nuestro pa\u00eds en el que est\u00e1 de visita adem\u00e1s para participar como asesor en el equipo de Gloria Trevi en algunos programas del reality show \u201cLa Voz\u2026 M\u00e9xico\u201d, empezando este domingo.<\/p>\n","protected":false},"author":5,"featured_media":272474,"comment_status":"open","ping_status":"open","sticky":false,"template":"","format":"standard","meta":{"_monsterinsights_skip_tracking":false,"_monsterinsights_sitenote_active":false,"_monsterinsights_sitenote_note":"","_monsterinsights_sitenote_category":0,"footnotes":""},"categories":[17,12],"tags":[43682,8018,24052,51343],"class_list":["post-272472","post","type-post","status-publish","format-standard","has-post-thumbnail","hentry","category-especiales","category-espectaculos","tag-espectaculos","tag-gloria-trevi","tag-la-voz-mexico","tag-manuel-carrasco"],"_links":{"self":[{"href":"https:\/\/www.diarioimagen.net\/index.php?rest_route=\/wp\/v2\/posts\/272472","targetHints":{"allow":["GET"]}}],"collection":[{"href":"https:\/\/www.diarioimagen.net\/index.php?rest_route=\/wp\/v2\/posts"}],"about":[{"href":"https:\/\/www.diarioimagen.net\/index.php?rest_route=\/wp\/v2\/types\/post"}],"author":[{"embeddable":true,"href":"https:\/\/www.diarioimagen.net\/index.php?rest_route=\/wp\/v2\/users\/5"}],"replies":[{"embeddable":true,"href":"https:\/\/www.diarioimagen.net\/index.php?rest_route=%2Fwp%2Fv2%2Fcomments&post=272472"}],"version-history":[{"count":0,"href":"https:\/\/www.diarioimagen.net\/index.php?rest_route=\/wp\/v2\/posts\/272472\/revisions"}],"wp:featuredmedia":[{"embeddable":true,"href":"https:\/\/www.diarioimagen.net\/index.php?rest_route=\/wp\/v2\/media\/272474"}],"wp:attachment":[{"href":"https:\/\/www.diarioimagen.net\/index.php?rest_route=%2Fwp%2Fv2%2Fmedia&parent=272472"}],"wp:term":[{"taxonomy":"category","embeddable":true,"href":"https:\/\/www.diarioimagen.net\/index.php?rest_route=%2Fwp%2Fv2%2Fcategories&post=272472"},{"taxonomy":"post_tag","embeddable":true,"href":"https:\/\/www.diarioimagen.net\/index.php?rest_route=%2Fwp%2Fv2%2Ftags&post=272472"}],"curies":[{"name":"wp","href":"https:\/\/api.w.org\/{rel}","templated":true}]}}