{"id":272484,"date":"2016-06-02T21:42:25","date_gmt":"2016-06-03T02:42:25","guid":{"rendered":"http:\/\/www.diarioimagen.net\/?p=272484"},"modified":"2016-06-03T05:17:21","modified_gmt":"2016-06-03T10:17:21","slug":"baila-con-la-unica-internacional-sonora-santanera-en-el-lunario","status":"publish","type":"post","link":"https:\/\/www.diarioimagen.net\/?p=272484","title":{"rendered":"Baila con la \u00danica Internacional Sonora Santanera en el Lunario"},"content":{"rendered":"<ul>\n<li><em><strong>La agrupaci\u00f3n abre una segunda fecha para el jueves 16 de junio; boletos de $600 a $1300<\/strong><\/em><\/li>\n<\/ul>\n<p>&nbsp;<\/p>\n<div id=\"attachment_272485\" style=\"width: 430px\" class=\"wp-caption aligncenter\"><a href=\"http:\/\/www.diarioimagen.net\/?attachment_id=272485\" rel=\"attachment wp-att-272485\"><img loading=\"lazy\" decoding=\"async\" aria-describedby=\"caption-attachment-272485\" class=\"size-large wp-image-272485\" src=\"http:\/\/www.diarioimagen.net\/wp-content\/uploads\/2016\/06\/sonora-santanera-POOORTAL-420x298.jpg\" alt=\"Para las Noches de Sal\u00f3n Lunario: La \u00danica Internacional Sonora Santanera tocar\u00e1 los temas de su disco de aniversario y sus grandes \u00e9xitos.\" width=\"420\" height=\"298\" srcset=\"https:\/\/www.diarioimagen.net\/wp-content\/uploads\/2016\/06\/sonora-santanera-POOORTAL-420x298.jpg 420w, https:\/\/www.diarioimagen.net\/wp-content\/uploads\/2016\/06\/sonora-santanera-POOORTAL-240x170.jpg 240w, https:\/\/www.diarioimagen.net\/wp-content\/uploads\/2016\/06\/sonora-santanera-POOORTAL-90x65.jpg 90w, https:\/\/www.diarioimagen.net\/wp-content\/uploads\/2016\/06\/sonora-santanera-POOORTAL.jpg 700w\" sizes=\"auto, (max-width: 420px) 100vw, 420px\" \/><\/a><p id=\"caption-attachment-272485\" class=\"wp-caption-text\">Para las Noches de Sal\u00f3n Lunario: La \u00danica Internacional Sonora Santanera tocar\u00e1 los temas de su disco de aniversario y sus grandes \u00e9xitos.<\/p><\/div>\n<p>&nbsp;<\/p>\n<p>Tras el \u00e9xito\u00a0del pasado 10 de mayo, La \u00danica Internacional Sonora Santanera regresar\u00e1 al foro alterno del Auditorio Nacional el pr\u00f3ximo jueves\u00a016 de junio, para poner nuevamente el ritmo en el ciclo\u00a0Noches de Sal\u00f3n Lunario con su nuevo material discogr\u00e1fico La Sonora Santanera en su 60 Aniversario.<\/p>\n<p>Su nuevo \u00e1lbum\u00a0cont\u00f3 con la participaci\u00f3n de diversos invitados especiales que dieron voz a los temas m\u00e1s emblem\u00e1ticos de la agrupaci\u00f3n, como\u00a0Cristian Castro, Danny Frank, Eugenia Le\u00f3n, Gilberto Santa Rosa, Julieta Venegas, Mar\u00eda Jos\u00e9, Mijares, Paquita la del Barrio, R\u00edo Roma,\u00a0Rub\u00e9n Albarr\u00e1n y Sasha, Benny y Erik.<\/p>\n<p>Los 12\u00a0instrumentistas que integran la agrupaci\u00f3n actualmente y son herederos de la gran tradici\u00f3n de esta gran orquesta emblem\u00e1tica de la m\u00fasica tropical en M\u00e9xico, fundada en 1955\u00a0por\u00a0el m\u00fasico y trompetista tabasque\u00f1o Carlos Colorado Vera (q.e.p.d.), interpretar\u00e1n adem\u00e1s sus grandes\u00a0\u00e9xitos, que forman parte de su historia musical.<\/p>\n<p>El\u00a0ciclo Noches de Sal\u00f3n Lunario inici\u00f3 en 2012, para dar cabida al g\u00e9nero tropical y convertir al multifac\u00e9tico foro alterno del Auditorio Nacional\u00a0en un sal\u00f3n de baile, con\u00a0un toque nost\u00e1lgico pero contempor\u00e1neo. Desde entonces ha\u00a0presentado a las mejores orquestas tropicales de M\u00e9xico,\u00a0entre ellas La\u00a0\u00danica\u00a0Internacional Sonora Santanera, que inaugur\u00f3 el ciclo en 2012 y regres\u00f3 en\u00a02013 y 2014, este a\u00f1o para celebrar la primera d\u00e9cada del Lunario, y ahora ofrecer\u00e1 su segunda fecha del 2016.<\/p>\n<p>Noches de Sal\u00f3n Lunario:\u00a0La \u00danica Internacional Sonora Santanera se llevar\u00e1 a cabo el jueves 16 de junio a las 21:00 horas en el Lunario (Reforma 50, Bosque de Chapultepec, costado poniente del Auditorio Nacional). Boletos:\u00a0$600 a $1300, disponibles en las taquillas del foro y en el sistema Ticketmaster.<\/p>\n","protected":false},"excerpt":{"rendered":"<p>Tras el \u00e9xito del pasado 10 de mayo, La \u00danica Internacional Sonora Santanera regresar\u00e1 al foro alterno del Auditorio Nacional el pr\u00f3ximo jueves 16 de junio, para poner nuevamente el ritmo en el ciclo Noches de Sal\u00f3n Lunario con su nuevo material discogr\u00e1fico La Sonora Santanera en su 60 Aniversario.<\/p>\n","protected":false},"author":5,"featured_media":272486,"comment_status":"open","ping_status":"open","sticky":false,"template":"","format":"standard","meta":{"_monsterinsights_skip_tracking":false,"_monsterinsights_sitenote_active":false,"_monsterinsights_sitenote_note":"","_monsterinsights_sitenote_category":0,"footnotes":""},"categories":[17,12],"tags":[43682,3703,26778],"class_list":["post-272484","post","type-post","status-publish","format-standard","has-post-thumbnail","hentry","category-especiales","category-espectaculos","tag-espectaculos","tag-lunario","tag-sonora-santanera"],"_links":{"self":[{"href":"https:\/\/www.diarioimagen.net\/index.php?rest_route=\/wp\/v2\/posts\/272484","targetHints":{"allow":["GET"]}}],"collection":[{"href":"https:\/\/www.diarioimagen.net\/index.php?rest_route=\/wp\/v2\/posts"}],"about":[{"href":"https:\/\/www.diarioimagen.net\/index.php?rest_route=\/wp\/v2\/types\/post"}],"author":[{"embeddable":true,"href":"https:\/\/www.diarioimagen.net\/index.php?rest_route=\/wp\/v2\/users\/5"}],"replies":[{"embeddable":true,"href":"https:\/\/www.diarioimagen.net\/index.php?rest_route=%2Fwp%2Fv2%2Fcomments&post=272484"}],"version-history":[{"count":0,"href":"https:\/\/www.diarioimagen.net\/index.php?rest_route=\/wp\/v2\/posts\/272484\/revisions"}],"wp:featuredmedia":[{"embeddable":true,"href":"https:\/\/www.diarioimagen.net\/index.php?rest_route=\/wp\/v2\/media\/272486"}],"wp:attachment":[{"href":"https:\/\/www.diarioimagen.net\/index.php?rest_route=%2Fwp%2Fv2%2Fmedia&parent=272484"}],"wp:term":[{"taxonomy":"category","embeddable":true,"href":"https:\/\/www.diarioimagen.net\/index.php?rest_route=%2Fwp%2Fv2%2Fcategories&post=272484"},{"taxonomy":"post_tag","embeddable":true,"href":"https:\/\/www.diarioimagen.net\/index.php?rest_route=%2Fwp%2Fv2%2Ftags&post=272484"}],"curies":[{"name":"wp","href":"https:\/\/api.w.org\/{rel}","templated":true}]}}