{"id":272500,"date":"2016-06-03T00:06:17","date_gmt":"2016-06-03T05:06:17","guid":{"rendered":"http:\/\/www.diarioimagen.net\/?p=272500"},"modified":"2016-06-05T23:07:58","modified_gmt":"2016-06-06T04:07:58","slug":"reconoce-sep-a-maestros-por-su-desempeno","status":"publish","type":"post","link":"https:\/\/www.diarioimagen.net\/?p=272500","title":{"rendered":"Reconoce SEP a maestros por su desempe\u00f1o"},"content":{"rendered":"<ul>\n<li><strong><em>Entrega de apoyos y est\u00edmulos<\/em><\/strong><\/li>\n<\/ul>\n<p>&nbsp;<\/p>\n<div id=\"attachment_272599\" style=\"width: 430px\" class=\"wp-caption aligncenter\"><a href=\"http:\/\/www.diarioimagen.net\/?attachment_id=272599\" rel=\"attachment wp-att-272599\"><img loading=\"lazy\" decoding=\"async\" aria-describedby=\"caption-attachment-272599\" class=\"size-large wp-image-272599\" src=\"http:\/\/www.diarioimagen.net\/wp-content\/uploads\/2016\/06\/eruviel-2881-420x280.jpg\" alt=\"Eruviel \u00c1vila - Entregando Acciones por la Educaci\u00f3n.\" width=\"420\" height=\"280\" srcset=\"https:\/\/www.diarioimagen.net\/wp-content\/uploads\/2016\/06\/eruviel-2881-420x280.jpg 420w, https:\/\/www.diarioimagen.net\/wp-content\/uploads\/2016\/06\/eruviel-2881-240x160.jpg 240w, https:\/\/www.diarioimagen.net\/wp-content\/uploads\/2016\/06\/eruviel-2881-768x512.jpg 768w, https:\/\/www.diarioimagen.net\/wp-content\/uploads\/2016\/06\/eruviel-2881.jpg 1200w\" sizes=\"auto, (max-width: 420px) 100vw, 420px\" \/><\/a><p id=\"caption-attachment-272599\" class=\"wp-caption-text\">Eruviel \u00c1vila &#8211; Entregando Acciones por la Educaci\u00f3n.<\/p><\/div>\n<p>&nbsp;<\/p>\n<p><strong>Tejupilco, Estado de M\u00e9xico<\/strong>.- El 55 por ciento de los maestros mexiquenses obtuvo calificaciones buenas y destacadas en la pasada Evaluaci\u00f3n de Desempe\u00f1o Docente, que los ubica entre los mejores del pa\u00eds, destac\u00f3 el secretario de Educaci\u00f3n P\u00fablica, Aurelio Nu\u00f1o Mayer, quien afirm\u00f3 que esto es resultado del apoyo que el gobernador Eruviel \u00c1vila Villegas brinda al magisterio, como parte de las acciones para impulsar una educaci\u00f3n de calidad en el Estado de M\u00e9xico.<\/p>\n<p>\u201cLes quiero hacer un reconocimiento muy grande, porque las maestras y los maestros del Estado de M\u00e9xico est\u00e1n demostrando que son de los mejores que tenemos en el pa\u00eds.<\/p>\n<p>\u201cD\u00e9jenme darles nada m\u00e1s un dato que habla, adem\u00e1s, del esfuerzo y del apoyo que est\u00e1 dando el se\u00f1or gobernador a la educaci\u00f3n en este gran estado: mientras que en todo el pa\u00eds el 40 por ciento de los maestros sacaron una calificaci\u00f3n buena o destacada, aqu\u00ed en el Estado de M\u00e9xico fue el 55 por ciento, una de las m\u00e1s altas en todo el pa\u00eds. Muchas felicidades maestras y maestros de todo el Estado de M\u00e9xico\u201d, dijo Aurelio Nu\u00f1o.<\/p>\n<p>En el sur del Estado de M\u00e9xico, durante la entrega de apoyos y est\u00edmulos educativos, como parte de las Acciones por la Educaci\u00f3n, a alumnos de Tejupilco, Tlatlaya, Amatepec y Luvianos, Eruviel \u00c1vila afirm\u00f3 que en la entidad mexiquense los profesores se prepararan y se actualizan para impartir de manera m\u00e1s profesional sus clases.<\/p>\n<p>Esto, al reconocer tambi\u00e9n al gobierno federal por el decreto de la Ley General de Educaci\u00f3n Inclusiva, la cual beneficiar\u00e1 a ni\u00f1os con discapacidad.<\/p>\n<p>\u201cEsto es la reforma educativa, educaci\u00f3n para todos, parejo, no importando condici\u00f3n social, econ\u00f3mica o por una circunstancia f\u00edsica, esto es precisamente la educaci\u00f3n que impulsa el presidente Pe\u00f1a Nieto y que impulsa el secretario Aurelio Nu\u00f1o, mi cari\u00f1o a las y los ni\u00f1os que reciben educaci\u00f3n especial, son nuestra raz\u00f3n, ustedes\u201d, expres\u00f3 el gobernador.<\/p>\n<p>Eruviel \u00c1vila agreg\u00f3 que en el Edomex, durante esta administraci\u00f3n, se entregan computadoras tiflot\u00e9cnicas, es decir, que son adaptadas para estudiantes con ceguera, y reci\u00e9n present\u00f3 una iniciativa para otorgar por ley becas permanentes a estudiantes que padecen alguna discapacidad o viven en otras situaciones vulnerables.<\/p>\n","protected":false},"excerpt":{"rendered":"<p>El 55 por ciento de los maestros mexiquenses obtuvo calificaciones buenas y destacadas en la pasada Evaluaci\u00f3n de Desempe\u00f1o Docente, que los ubica entre los mejores del pa\u00eds, destac\u00f3 el secretario de Educaci\u00f3n P\u00fablica, Aurelio Nu\u00f1o Mayer, quien afirm\u00f3 que esto es resultado del apoyo que el gobernador Eruviel \u00c1vila Villegas brinda al magisterio, como parte de las acciones para impulsar una educaci\u00f3n de calidad en el Estado de M\u00e9xico.<\/p>\n","protected":false},"author":3,"featured_media":272599,"comment_status":"open","ping_status":"open","sticky":false,"template":"","format":"standard","meta":{"_monsterinsights_skip_tracking":false,"_monsterinsights_sitenote_active":false,"_monsterinsights_sitenote_note":"","_monsterinsights_sitenote_category":0,"footnotes":""},"categories":[5],"tags":[30144,5828,43675,2574,459,6987],"class_list":["post-272500","post","type-post","status-publish","format-standard","has-post-thumbnail","hentry","category-estado-de-mexico","tag-aurelio-nuno-mayer","tag-eruviel-avila-villegas","tag-estado-de-mexico","tag-maestros","tag-sep","tag-tejupilco"],"_links":{"self":[{"href":"https:\/\/www.diarioimagen.net\/index.php?rest_route=\/wp\/v2\/posts\/272500","targetHints":{"allow":["GET"]}}],"collection":[{"href":"https:\/\/www.diarioimagen.net\/index.php?rest_route=\/wp\/v2\/posts"}],"about":[{"href":"https:\/\/www.diarioimagen.net\/index.php?rest_route=\/wp\/v2\/types\/post"}],"author":[{"embeddable":true,"href":"https:\/\/www.diarioimagen.net\/index.php?rest_route=\/wp\/v2\/users\/3"}],"replies":[{"embeddable":true,"href":"https:\/\/www.diarioimagen.net\/index.php?rest_route=%2Fwp%2Fv2%2Fcomments&post=272500"}],"version-history":[{"count":0,"href":"https:\/\/www.diarioimagen.net\/index.php?rest_route=\/wp\/v2\/posts\/272500\/revisions"}],"wp:featuredmedia":[{"embeddable":true,"href":"https:\/\/www.diarioimagen.net\/index.php?rest_route=\/wp\/v2\/media\/272599"}],"wp:attachment":[{"href":"https:\/\/www.diarioimagen.net\/index.php?rest_route=%2Fwp%2Fv2%2Fmedia&parent=272500"}],"wp:term":[{"taxonomy":"category","embeddable":true,"href":"https:\/\/www.diarioimagen.net\/index.php?rest_route=%2Fwp%2Fv2%2Fcategories&post=272500"},{"taxonomy":"post_tag","embeddable":true,"href":"https:\/\/www.diarioimagen.net\/index.php?rest_route=%2Fwp%2Fv2%2Ftags&post=272500"}],"curies":[{"name":"wp","href":"https:\/\/api.w.org\/{rel}","templated":true}]}}