{"id":272506,"date":"2016-06-03T00:02:34","date_gmt":"2016-06-03T05:02:34","guid":{"rendered":"http:\/\/www.diarioimagen.net\/?p=272506"},"modified":"2016-06-03T03:18:54","modified_gmt":"2016-06-03T08:18:54","slug":"mejoran-la-imagen-urbana-en-tultepec","status":"publish","type":"post","link":"https:\/\/www.diarioimagen.net\/?p=272506","title":{"rendered":"Mejoran la imagen urbana en Tultepec"},"content":{"rendered":"<ul>\n<li><strong><em>Inversi\u00f3n de 16 millones de pesos<\/em><\/strong><\/li>\n<\/ul>\n<p>&nbsp;<\/p>\n<div id=\"attachment_272626\" style=\"width: 430px\" class=\"wp-caption aligncenter\"><a href=\"http:\/\/www.diarioimagen.net\/?attachment_id=272626\" rel=\"attachment wp-att-272626\"><img loading=\"lazy\" decoding=\"async\" aria-describedby=\"caption-attachment-272626\" class=\"size-large wp-image-272626\" src=\"http:\/\/www.diarioimagen.net\/wp-content\/uploads\/2016\/06\/TULTEPEC-2881-420x336.jpg\" alt=\"El Ayuntamiento de Tultepec inici\u00f3 los trabajos para mejorar la imagen urbana en todo el municipio, con el cambio de 3 mil luminarias.\" width=\"420\" height=\"336\" srcset=\"https:\/\/www.diarioimagen.net\/wp-content\/uploads\/2016\/06\/TULTEPEC-2881-420x336.jpg 420w, https:\/\/www.diarioimagen.net\/wp-content\/uploads\/2016\/06\/TULTEPEC-2881-240x192.jpg 240w, https:\/\/www.diarioimagen.net\/wp-content\/uploads\/2016\/06\/TULTEPEC-2881.jpg 700w\" sizes=\"auto, (max-width: 420px) 100vw, 420px\" \/><\/a><p id=\"caption-attachment-272626\" class=\"wp-caption-text\">El Ayuntamiento de Tultepec inici\u00f3 los trabajos para mejorar la imagen urbana en todo el municipio, con el cambio de 3 mil luminarias.<\/p><\/div>\n<p>&nbsp;<\/p>\n<p><strong>Tultepec, Estado de M\u00e9xico<\/strong>.- Con una inversi\u00f3n superior a los 16 millones de pesos, el Ayuntamiento local inici\u00f3 los trabajos para mejorar la imagen urbana en todo el municipio, con el cambio de 3 mil luminarias. En el presente a\u00f1o ser\u00e1n sustituidas 1,700 l\u00e1mparas tipo LED de 100 watts, y 1,300 LED de 70 watts.<\/p>\n<p>As\u00ed lo inform\u00f3 el alcalde Armando Portuguez Fuentes, al supervisar el inicio de los trabajos, quien agreg\u00f3 que en 2017 se espera sustituir\u00a0 mil luminarias m\u00e1s del total de 8 mil en el municipio, en tanto que en el tercer a\u00f1o de este gobierno se sustituir\u00e1n las 2 mil restantes.<\/p>\n<p>Explic\u00f3 que en los tres a\u00f1os de su gobierno, se realizar\u00e1 una inversi\u00f3n cercana a los 50 millones de pesos en la sustituci\u00f3n de luminarias, lo cual generar\u00e1 un ahorro de 800 mil pesos mensuales en el consumo de energ\u00eda, que a la larga ser\u00e1 una inversi\u00f3n rentable para el Ayuntamiento.<\/p>\n<p>Precis\u00f3 que adem\u00e1s de dejar un municipio totalmente iluminado con l\u00e1mparas LED, al t\u00e9rmino de su gobierno, estas acciones impedir\u00e1n que crezca el adeudo que actualmente mantiene la presente administraci\u00f3n ante la Comisi\u00f3n Federal de Electricidad (CFE).<\/p>\n<p>El presidente municipal estim\u00f3 que en dos meses ser\u00e1n sustituidas las 3 mil luminarias proyectadas para este a\u00f1o, con personal de la Jefatura de Imagen Urbana, reci\u00e9n creada, eficientando costos.<\/p>\n<p>Para la realizaci\u00f3n de estos trabajos, el Ayuntamiento adquiri\u00f3 una gr\u00faa nueva que llegar\u00e1 en unos d\u00edas, la cual sumada a dos m\u00e1s que fueron reparadas, permitir\u00e1n el cambio diario de entre 60 a 70 luminarias, es decir, aproximadamente 350 por semana hasta alcanzar las 1,500 por mes.<\/p>\n<p>\u201cEsto, sin duda ayudar\u00e1 en materia de iluminaci\u00f3n, en donde no se hab\u00eda invertido porque, nos encontr\u00e1bamos en un proceso de conciliaci\u00f3n con la CFE, en el cual se realiz\u00f3 un censo de luminarias para determinar las capacidades de cada l\u00e1mpara para disminuir la carga estimada por facturaci\u00f3n\u201d.<\/p>\n<p>Armando Portuguez Fuentes se\u00f1al\u00f3 que con este proceso de conciliaci\u00f3n y con el cambio de luminarias que hoy se inicia, se evitar\u00e1 un endeudamiento con la CFE, al pasar de 1 mill\u00f3n 800 mil pesos mensuales, a 1 mill\u00f3n 400 mil pesos, \u201cello a\u00fan sin contar los cambios que se est\u00e1n haciendo\u201d.<\/p>\n<p>Puntualiz\u00f3 que una vez cambiadas las 3 mil luminarias en su mayor\u00eda de 250 watts por l\u00e1mparas de 100 watts, el consumo de energ\u00eda disminuir\u00e1 considerablemente; \u201cpara constatarlo, se har\u00e1 un nuevo censo y en el siguiente recibo, en tres meses, se deber\u00e1 ver reflejada la baja en la facturaci\u00f3n la cual se espera sea de al menos 400 mil pesos m\u00e1s\u201d, se\u00f1al\u00f3 el edil.<\/p>\n<p>Adem\u00e1s de la baja en el consumo de energ\u00eda y ahorro de recursos, otro de los beneficios del nuevo alumbrado p\u00fablico de LED, es el mejoramiento de la imagen urbana en todo el municipio, ya que al tener vialidades mejor iluminadas, se impacta de manera favorable en la seguridad p\u00fablica.<\/p>\n<p>&nbsp;<\/p>\n","protected":false},"excerpt":{"rendered":"<p> Con una inversi\u00f3n superior a los 16 millones de pesos, el Ayuntamiento local inici\u00f3 los trabajos para mejorar la imagen urbana en todo el municipio, con el cambio de 3 mil luminarias. En el presente a\u00f1o ser\u00e1n sustituidas 1,700 l\u00e1mparas tipo LED de 100 watts, y 1,300 LED de 70 watts.<\/p>\n","protected":false},"author":3,"featured_media":272626,"comment_status":"open","ping_status":"open","sticky":false,"template":"","format":"standard","meta":{"_monsterinsights_skip_tracking":false,"_monsterinsights_sitenote_active":false,"_monsterinsights_sitenote_note":"","_monsterinsights_sitenote_category":0,"footnotes":""},"categories":[35155],"tags":[43675,3802],"class_list":["post-272506","post","type-post","status-publish","format-standard","has-post-thumbnail","hentry","category-estado-de-mexico-estado-de-mexico","tag-estado-de-mexico","tag-tultepec"],"_links":{"self":[{"href":"https:\/\/www.diarioimagen.net\/index.php?rest_route=\/wp\/v2\/posts\/272506","targetHints":{"allow":["GET"]}}],"collection":[{"href":"https:\/\/www.diarioimagen.net\/index.php?rest_route=\/wp\/v2\/posts"}],"about":[{"href":"https:\/\/www.diarioimagen.net\/index.php?rest_route=\/wp\/v2\/types\/post"}],"author":[{"embeddable":true,"href":"https:\/\/www.diarioimagen.net\/index.php?rest_route=\/wp\/v2\/users\/3"}],"replies":[{"embeddable":true,"href":"https:\/\/www.diarioimagen.net\/index.php?rest_route=%2Fwp%2Fv2%2Fcomments&post=272506"}],"version-history":[{"count":0,"href":"https:\/\/www.diarioimagen.net\/index.php?rest_route=\/wp\/v2\/posts\/272506\/revisions"}],"wp:featuredmedia":[{"embeddable":true,"href":"https:\/\/www.diarioimagen.net\/index.php?rest_route=\/wp\/v2\/media\/272626"}],"wp:attachment":[{"href":"https:\/\/www.diarioimagen.net\/index.php?rest_route=%2Fwp%2Fv2%2Fmedia&parent=272506"}],"wp:term":[{"taxonomy":"category","embeddable":true,"href":"https:\/\/www.diarioimagen.net\/index.php?rest_route=%2Fwp%2Fv2%2Fcategories&post=272506"},{"taxonomy":"post_tag","embeddable":true,"href":"https:\/\/www.diarioimagen.net\/index.php?rest_route=%2Fwp%2Fv2%2Ftags&post=272506"}],"curies":[{"name":"wp","href":"https:\/\/api.w.org\/{rel}","templated":true}]}}