{"id":272514,"date":"2016-06-03T00:06:52","date_gmt":"2016-06-03T05:06:52","guid":{"rendered":"http:\/\/www.diarioimagen.net\/?p=272514"},"modified":"2016-06-03T03:37:19","modified_gmt":"2016-06-03T08:37:19","slug":"tlalnepantla-cumple-con-nuevo-sistema-de-justicia","status":"publish","type":"post","link":"https:\/\/www.diarioimagen.net\/?p=272514","title":{"rendered":"Tlalnepantla cumple con nuevo sistema de justicia"},"content":{"rendered":"<ul>\n<li><strong><em>Plan estrat\u00e9gico de capacitaci\u00f3n<\/em><\/strong><\/li>\n<\/ul>\n<p>&nbsp;<\/p>\n<div id=\"attachment_272638\" style=\"width: 430px\" class=\"wp-caption aligncenter\"><a href=\"http:\/\/www.diarioimagen.net\/?attachment_id=272638\" rel=\"attachment wp-att-272638\"><img loading=\"lazy\" decoding=\"async\" aria-describedby=\"caption-attachment-272638\" class=\"size-large wp-image-272638\" src=\"http:\/\/www.diarioimagen.net\/wp-content\/uploads\/2016\/06\/TLALNEPANTLA-2881-420x236.jpg\" alt=\"Elementos de la polic\u00eda de Tlalnepantla concluyeron la capacitaci\u00f3n que establece el Nuevo Sistema de Justicia Penal.\" width=\"420\" height=\"236\" srcset=\"https:\/\/www.diarioimagen.net\/wp-content\/uploads\/2016\/06\/TLALNEPANTLA-2881-420x236.jpg 420w, https:\/\/www.diarioimagen.net\/wp-content\/uploads\/2016\/06\/TLALNEPANTLA-2881-240x135.jpg 240w, https:\/\/www.diarioimagen.net\/wp-content\/uploads\/2016\/06\/TLALNEPANTLA-2881-235x132.jpg 235w, https:\/\/www.diarioimagen.net\/wp-content\/uploads\/2016\/06\/TLALNEPANTLA-2881-202x114.jpg 202w, https:\/\/www.diarioimagen.net\/wp-content\/uploads\/2016\/06\/TLALNEPANTLA-2881-350x196.jpg 350w, https:\/\/www.diarioimagen.net\/wp-content\/uploads\/2016\/06\/TLALNEPANTLA-2881-220x123.jpg 220w, https:\/\/www.diarioimagen.net\/wp-content\/uploads\/2016\/06\/TLALNEPANTLA-2881-237x132.jpg 237w, https:\/\/www.diarioimagen.net\/wp-content\/uploads\/2016\/06\/TLALNEPANTLA-2881.jpg 480w\" sizes=\"auto, (max-width: 420px) 100vw, 420px\" \/><\/a><p id=\"caption-attachment-272638\" class=\"wp-caption-text\">Elementos de la polic\u00eda de Tlalnepantla concluyeron la capacitaci\u00f3n que establece el Nuevo Sistema de Justicia Penal.<\/p><\/div>\n<p>&nbsp;<\/p>\n<p><strong>Tlalnepantla, Estado de M\u00e9xico<\/strong>.- Tlalnepantla se constituy\u00f3 como el primer municipio del Estado de M\u00e9xico en cumplir con el Plan Estrat\u00e9gico de Capacitaci\u00f3n en Materia de Justicia Penal y Competencias Policiales B\u00e1sicas, luego de que el 100 por ciento de los elementos de la corporaci\u00f3n policiaca concluy\u00f3 la capacitaci\u00f3n que establece el Nuevo Sistema de Justicia Penal.<\/p>\n<p>Mauricio Alvaradejo Heredia, secretario t\u00e9cnico del Consejo Municipal de Seguridad P\u00fablica, destac\u00f3 la importancia de que esta localidad haya concluido en tiempo y forma dicha capacitaci\u00f3n que los estados y municipios est\u00e1n obligados a cumplir.<\/p>\n<p>Detall\u00f3 que a s\u00f3lo un mes de iniciada la administraci\u00f3n, en febrero, los mil 8 polic\u00edas operativos de la comisar\u00eda comenzaron con el curso de Primer Respondiente y Polic\u00eda con Capacidades para Procesar el Lugar de los Hechos, concluyendo el pasado 27 de mayo.<\/p>\n<p>Puntualiz\u00f3 que con este logro, la alcaldesa Denisse Ugalde Alegr\u00eda avanza en el cumplimiento de su compromiso de profesionalizar a la corporaci\u00f3n polic\u00edaca, de manera coordinada con los gobiernos federal y estatal.<\/p>\n<p>Alvaradejo Heredia apunt\u00f3 que la administraci\u00f3n anterior no capacit\u00f3 a los elementos adscritos a la Comisar\u00eda de Seguridad P\u00fablica, por lo que el reto de la presidenta municipal es acercar los cursos y herramientas necesarias para que los polic\u00edas tengan un mejor actuar en el desempe\u00f1o diario de su labor.<\/p>\n<p>Resalt\u00f3 la trascendencia del curso Primer Respondiente, ya que son los polic\u00edas municipales quienes llegan primero al lugar de los hechos y tienen bajo su responsabilidad el aseguramiento de la zona en la que aconteci\u00f3 el incidente.<\/p>\n<p>El funcionario municipal inform\u00f3 que cumpliendo con estos lineamientos federales,\u00a0 actualmente 673 polic\u00edas ya cursaron T\u00e9cnicas de la \u00a0Funci\u00f3n Policial y se contempla que antes del 30 de junio, el 100 por ciento de la corporaci\u00f3n haya cubierto dicho requisito.<\/p>\n<p>Cabe se\u00f1alar que estas capacitaciones son con recursos del subsidio para el Fortalecimiento de la Seguridad P\u00fablica (Fortaseg) que este a\u00f1o beneficia a Tlalnepantla con 23 millones 977 mil pesos.<\/p>\n<p>&nbsp;<\/p>\n","protected":false},"excerpt":{"rendered":"<p>Tlalnepantla se constituy\u00f3 como el primer municipio del Estado de M\u00e9xico en cumplir con el Plan Estrat\u00e9gico de Capacitaci\u00f3n en Materia de Justicia Penal y Competencias Policiales B\u00e1sicas, luego de que el 100 por ciento de los elementos de la corporaci\u00f3n policiaca concluy\u00f3 la capacitaci\u00f3n que establece el Nuevo Sistema de Justicia Penal.<\/p>\n","protected":false},"author":3,"featured_media":272638,"comment_status":"open","ping_status":"open","sticky":false,"template":"","format":"standard","meta":{"_monsterinsights_skip_tracking":false,"_monsterinsights_sitenote_active":false,"_monsterinsights_sitenote_note":"","_monsterinsights_sitenote_category":0,"footnotes":""},"categories":[35155],"tags":[43675,169],"class_list":["post-272514","post","type-post","status-publish","format-standard","has-post-thumbnail","hentry","category-estado-de-mexico-estado-de-mexico","tag-estado-de-mexico","tag-tlalnepantla"],"_links":{"self":[{"href":"https:\/\/www.diarioimagen.net\/index.php?rest_route=\/wp\/v2\/posts\/272514","targetHints":{"allow":["GET"]}}],"collection":[{"href":"https:\/\/www.diarioimagen.net\/index.php?rest_route=\/wp\/v2\/posts"}],"about":[{"href":"https:\/\/www.diarioimagen.net\/index.php?rest_route=\/wp\/v2\/types\/post"}],"author":[{"embeddable":true,"href":"https:\/\/www.diarioimagen.net\/index.php?rest_route=\/wp\/v2\/users\/3"}],"replies":[{"embeddable":true,"href":"https:\/\/www.diarioimagen.net\/index.php?rest_route=%2Fwp%2Fv2%2Fcomments&post=272514"}],"version-history":[{"count":0,"href":"https:\/\/www.diarioimagen.net\/index.php?rest_route=\/wp\/v2\/posts\/272514\/revisions"}],"wp:featuredmedia":[{"embeddable":true,"href":"https:\/\/www.diarioimagen.net\/index.php?rest_route=\/wp\/v2\/media\/272638"}],"wp:attachment":[{"href":"https:\/\/www.diarioimagen.net\/index.php?rest_route=%2Fwp%2Fv2%2Fmedia&parent=272514"}],"wp:term":[{"taxonomy":"category","embeddable":true,"href":"https:\/\/www.diarioimagen.net\/index.php?rest_route=%2Fwp%2Fv2%2Fcategories&post=272514"},{"taxonomy":"post_tag","embeddable":true,"href":"https:\/\/www.diarioimagen.net\/index.php?rest_route=%2Fwp%2Fv2%2Ftags&post=272514"}],"curies":[{"name":"wp","href":"https:\/\/api.w.org\/{rel}","templated":true}]}}