{"id":272516,"date":"2016-06-03T00:07:16","date_gmt":"2016-06-03T05:07:16","guid":{"rendered":"http:\/\/www.diarioimagen.net\/?p=272516"},"modified":"2016-06-05T23:08:05","modified_gmt":"2016-06-06T04:08:05","slug":"epn-consulta-sobre-inclusion-y-diversidad","status":"publish","type":"post","link":"https:\/\/www.diarioimagen.net\/?p=272516","title":{"rendered":"EPN: consulta sobre inclusi\u00f3n y diversidad"},"content":{"rendered":"<ul>\n<li><strong><em>Por un pa\u00eds sin discriminaci\u00f3n<\/em><\/strong><\/li>\n<\/ul>\n<p>&nbsp;<\/p>\n<div id=\"attachment_272605\" style=\"width: 430px\" class=\"wp-caption aligncenter\"><a href=\"http:\/\/www.diarioimagen.net\/?attachment_id=272605\" rel=\"attachment wp-att-272605\"><img loading=\"lazy\" decoding=\"async\" aria-describedby=\"caption-attachment-272605\" class=\"size-large wp-image-272605\" src=\"http:\/\/www.diarioimagen.net\/wp-content\/uploads\/2016\/06\/epn-2883-420x280.jpg\" alt=\"Enrique Pe\u00f1a Nieto ratific\u00f3 el compromiso del Estado mexicano con la construcci\u00f3n de un pa\u00eds verdaderamente incluyente.\" width=\"420\" height=\"280\" srcset=\"https:\/\/www.diarioimagen.net\/wp-content\/uploads\/2016\/06\/epn-2883-420x280.jpg 420w, https:\/\/www.diarioimagen.net\/wp-content\/uploads\/2016\/06\/epn-2883-240x160.jpg 240w, https:\/\/www.diarioimagen.net\/wp-content\/uploads\/2016\/06\/epn-2883.jpg 700w\" sizes=\"auto, (max-width: 420px) 100vw, 420px\" \/><\/a><p id=\"caption-attachment-272605\" class=\"wp-caption-text\">Enrique Pe\u00f1a Nieto ratific\u00f3 el compromiso del Estado mexicano con la construcci\u00f3n de un pa\u00eds verdaderamente incluyente.<\/p><\/div>\n<p>&nbsp;<\/p>\n<p>El presidente Enrique Pe\u00f1a Nieto ratific\u00f3 el compromiso del Estado mexicano con la construcci\u00f3n de un pa\u00eds verdaderamente incluyente, para lo cual convoc\u00f3 a la ciudadan\u00eda a participar en una consulta sobre normas discriminatorias.<\/p>\n<p>\u201cPara construir una Sociedad de Derechos, necesitamos de tu participaci\u00f3n. Ay\u00fadanos a identificar las normas mexicanas que discriminan\u201d, tuite\u00f3 el mandatario en su cuenta @EPN.<\/p>\n<p>Como parte de las acciones del gobierno de la Rep\u00fablica en materia de Justicia Cotidiana y a favor de un pa\u00eds incluyente y respetuoso de la diversidad, se puso a disposici\u00f3n de la ciudadan\u00eda la p\u00e1gina web <a href=\"http:\/\/www.gob.mx\/sindiscriminacion\" target=\"_blank\">http:\/\/www.gob.mx\/sindiscriminacion<\/a><\/p>\n<p>La Consejer\u00eda Jur\u00eddica del Ejecutivo Federal, con apoyo del Centro de Investigaci\u00f3n y Docencia Econ\u00f3micas (CIDE) y el Instituto de Investigaciones Jur\u00eddicas de la Universidad Nacional Aut\u00f3noma de M\u00e9xico (UNAM), elaboraron esta consulta para recabar opiniones y comentarios sobre contenidos o lenguaje que impliquen cualquier forma de discriminaci\u00f3n.<\/p>\n<p>Las opiniones y propuestas de cambios a normas de \u00f3rdenes federal, estatal y municipal vigentes ser\u00e1n recibidas hasta julio de 2016 y se traducir\u00e1n en reformas al marco jur\u00eddico a nivel nacional, se lee en el sitio en Internet.<\/p>\n<p style=\"text-align: center;\"><strong>Felicita a la Selecci\u00f3n Mexicana por triunfo <\/strong><\/p>\n<p>Por otra parte, Enrique Pe\u00f1a Nieto felicit\u00f3 a la Selecci\u00f3n Mexicana por el triunfo que obtuvo la noche del mi\u00e9rcoles, por 1-0 en el juego contra la Selecci\u00f3n de Chile.<\/p>\n<p>Adem\u00e1s, aprovech\u00f3 para congratular a Javier Hern\u00e1ndez \u201cChicharito\u201d, por ser su cumplea\u00f1os y por anotar el \u00fanico gol del partido. En su cuenta de Twitter el mandatario escribi\u00f3 \u201cFelicidades @miseleccionmx por el triunfo de hoy. Y doble felicitaci\u00f3n a @CH14_: por su cumplea\u00f1os y por el golazo que nos brind\u00f3\u201d.<\/p>\n<p>&nbsp;<\/p>\n","protected":false},"excerpt":{"rendered":"<p>El presidente Enrique Pe\u00f1a Nieto ratific\u00f3 el compromiso del Estado mexicano con la construcci\u00f3n de un pa\u00eds verdaderamente incluyente, para lo cual convoc\u00f3 a la ciudadan\u00eda a participar en una consulta sobre normas discriminatorias.<\/p>\n","protected":false},"author":3,"featured_media":272605,"comment_status":"open","ping_status":"open","sticky":false,"template":"","format":"standard","meta":{"_monsterinsights_skip_tracking":false,"_monsterinsights_sitenote_active":false,"_monsterinsights_sitenote_note":"","_monsterinsights_sitenote_category":0,"footnotes":""},"categories":[3],"tags":[16455,750,1716,37385,43673],"class_list":["post-272516","post","type-post","status-publish","format-standard","has-post-thumbnail","hentry","category-nacional","tag-cide","tag-diversidad","tag-epn","tag-inclusion","tag-nacional"],"_links":{"self":[{"href":"https:\/\/www.diarioimagen.net\/index.php?rest_route=\/wp\/v2\/posts\/272516","targetHints":{"allow":["GET"]}}],"collection":[{"href":"https:\/\/www.diarioimagen.net\/index.php?rest_route=\/wp\/v2\/posts"}],"about":[{"href":"https:\/\/www.diarioimagen.net\/index.php?rest_route=\/wp\/v2\/types\/post"}],"author":[{"embeddable":true,"href":"https:\/\/www.diarioimagen.net\/index.php?rest_route=\/wp\/v2\/users\/3"}],"replies":[{"embeddable":true,"href":"https:\/\/www.diarioimagen.net\/index.php?rest_route=%2Fwp%2Fv2%2Fcomments&post=272516"}],"version-history":[{"count":0,"href":"https:\/\/www.diarioimagen.net\/index.php?rest_route=\/wp\/v2\/posts\/272516\/revisions"}],"wp:featuredmedia":[{"embeddable":true,"href":"https:\/\/www.diarioimagen.net\/index.php?rest_route=\/wp\/v2\/media\/272605"}],"wp:attachment":[{"href":"https:\/\/www.diarioimagen.net\/index.php?rest_route=%2Fwp%2Fv2%2Fmedia&parent=272516"}],"wp:term":[{"taxonomy":"category","embeddable":true,"href":"https:\/\/www.diarioimagen.net\/index.php?rest_route=%2Fwp%2Fv2%2Fcategories&post=272516"},{"taxonomy":"post_tag","embeddable":true,"href":"https:\/\/www.diarioimagen.net\/index.php?rest_route=%2Fwp%2Fv2%2Ftags&post=272516"}],"curies":[{"name":"wp","href":"https:\/\/api.w.org\/{rel}","templated":true}]}}