{"id":272524,"date":"2016-06-03T00:00:20","date_gmt":"2016-06-03T05:00:20","guid":{"rendered":"http:\/\/www.diarioimagen.net\/?p=272524"},"modified":"2016-06-05T23:05:32","modified_gmt":"2016-06-06T04:05:32","slug":"promovera-uaem-premio-nobel-de-la-paz-para-alejandro-solalinde","status":"publish","type":"post","link":"https:\/\/www.diarioimagen.net\/?p=272524","title":{"rendered":"Promover\u00e1 UAEM Premio Nobel de la Paz para Alejandro Solalinde"},"content":{"rendered":"<p><a href=\"http:\/\/www.diarioimagen.net\/?attachment_id=272644\" rel=\"attachment wp-att-272644\"><img loading=\"lazy\" decoding=\"async\" class=\"aligncenter size-large wp-image-272644\" src=\"http:\/\/www.diarioimagen.net\/wp-content\/uploads\/2016\/06\/UAEM-2881-420x236.jpg\" alt=\"UAEM-2881\" width=\"420\" height=\"236\" srcset=\"https:\/\/www.diarioimagen.net\/wp-content\/uploads\/2016\/06\/UAEM-2881-420x236.jpg 420w, https:\/\/www.diarioimagen.net\/wp-content\/uploads\/2016\/06\/UAEM-2881-240x135.jpg 240w, https:\/\/www.diarioimagen.net\/wp-content\/uploads\/2016\/06\/UAEM-2881-235x132.jpg 235w, https:\/\/www.diarioimagen.net\/wp-content\/uploads\/2016\/06\/UAEM-2881-202x114.jpg 202w, https:\/\/www.diarioimagen.net\/wp-content\/uploads\/2016\/06\/UAEM-2881-350x196.jpg 350w, https:\/\/www.diarioimagen.net\/wp-content\/uploads\/2016\/06\/UAEM-2881-220x123.jpg 220w, https:\/\/www.diarioimagen.net\/wp-content\/uploads\/2016\/06\/UAEM-2881-237x132.jpg 237w, https:\/\/www.diarioimagen.net\/wp-content\/uploads\/2016\/06\/UAEM-2881.jpg 480w\" sizes=\"auto, (max-width: 420px) 100vw, 420px\" \/><\/a><\/p>\n<p>&nbsp;<\/p>\n<p>La Universidad Aut\u00f3noma del Estado de M\u00e9xico promover\u00e1 la entrega del Premio Nobel de la Paz para el fundador y director del Albergue de Migrantes \u201cHermanos en el Camino\u201d, Alejandro Solalinde Guerra, egresado de esta casa de estudios y \u201chombre cuyo comportamiento es secular y cuya labor nos ata\u00f1e a todos, porque somos humanos\u201d, afirm\u00f3 el rector Jorge Olvera Garc\u00eda.<\/p>\n","protected":false},"excerpt":{"rendered":"<p>La Universidad Aut\u00f3noma del Estado de M\u00e9xico promover\u00e1 la entrega del Premio Nobel de la Paz para el fundador y director del Albergue de Migrantes \u201cHermanos en el Camino\u201d, Alejandro Solalinde Guerra, egresado de esta casa de estudios y \u201chombre cuyo comportamiento es secular y cuya labor nos ata\u00f1e a todos, porque somos humanos\u201d, afirm\u00f3 el rector Jorge Olvera Garc\u00eda.<\/p>\n","protected":false},"author":3,"featured_media":272644,"comment_status":"open","ping_status":"open","sticky":false,"template":"","format":"standard","meta":{"_monsterinsights_skip_tracking":false,"_monsterinsights_sitenote_active":false,"_monsterinsights_sitenote_note":"","_monsterinsights_sitenote_category":0,"footnotes":""},"categories":[35155],"tags":[1491],"class_list":["post-272524","post","type-post","status-publish","format-standard","has-post-thumbnail","hentry","category-estado-de-mexico-estado-de-mexico","tag-uaem"],"_links":{"self":[{"href":"https:\/\/www.diarioimagen.net\/index.php?rest_route=\/wp\/v2\/posts\/272524","targetHints":{"allow":["GET"]}}],"collection":[{"href":"https:\/\/www.diarioimagen.net\/index.php?rest_route=\/wp\/v2\/posts"}],"about":[{"href":"https:\/\/www.diarioimagen.net\/index.php?rest_route=\/wp\/v2\/types\/post"}],"author":[{"embeddable":true,"href":"https:\/\/www.diarioimagen.net\/index.php?rest_route=\/wp\/v2\/users\/3"}],"replies":[{"embeddable":true,"href":"https:\/\/www.diarioimagen.net\/index.php?rest_route=%2Fwp%2Fv2%2Fcomments&post=272524"}],"version-history":[{"count":0,"href":"https:\/\/www.diarioimagen.net\/index.php?rest_route=\/wp\/v2\/posts\/272524\/revisions"}],"wp:featuredmedia":[{"embeddable":true,"href":"https:\/\/www.diarioimagen.net\/index.php?rest_route=\/wp\/v2\/media\/272644"}],"wp:attachment":[{"href":"https:\/\/www.diarioimagen.net\/index.php?rest_route=%2Fwp%2Fv2%2Fmedia&parent=272524"}],"wp:term":[{"taxonomy":"category","embeddable":true,"href":"https:\/\/www.diarioimagen.net\/index.php?rest_route=%2Fwp%2Fv2%2Fcategories&post=272524"},{"taxonomy":"post_tag","embeddable":true,"href":"https:\/\/www.diarioimagen.net\/index.php?rest_route=%2Fwp%2Fv2%2Ftags&post=272524"}],"curies":[{"name":"wp","href":"https:\/\/api.w.org\/{rel}","templated":true}]}}