{"id":272674,"date":"2016-06-06T00:07:36","date_gmt":"2016-06-06T05:07:36","guid":{"rendered":"http:\/\/www.diarioimagen.net\/?p=272674"},"modified":"2016-06-07T00:10:24","modified_gmt":"2016-06-07T05:10:24","slug":"epn-llama-a-votar-en-un-ambiente-de-civilidad","status":"publish","type":"post","link":"https:\/\/www.diarioimagen.net\/?p=272674","title":{"rendered":"EPN destaca ambiente de civilidad en comicios"},"content":{"rendered":"<ul>\n<li><strong><em>Asiste a votar con su familia<\/em><\/strong><\/li>\n<\/ul>\n<p>&nbsp;<\/p>\n<div id=\"attachment_272678\" style=\"width: 430px\" class=\"wp-caption aligncenter\"><a href=\"http:\/\/www.diarioimagen.net\/?attachment_id=272678\" rel=\"attachment wp-att-272678\"><img loading=\"lazy\" decoding=\"async\" aria-describedby=\"caption-attachment-272678\" class=\"wp-image-272678 size-large\" src=\"http:\/\/www.diarioimagen.net\/wp-content\/uploads\/2016\/06\/PE\u00d1A6a-PORTAL-420x236.jpg\" alt=\"Enrique Pe\u00f1a Nieto, acompa\u00f1ado de su esposa, emiti\u00f3 su voto en la casilla ubicada en el jard\u00edn de ni\u00f1os El P\u00edpila.\" width=\"420\" height=\"236\" srcset=\"https:\/\/www.diarioimagen.net\/wp-content\/uploads\/2016\/06\/PE\u00d1A6a-PORTAL-420x236.jpg 420w, https:\/\/www.diarioimagen.net\/wp-content\/uploads\/2016\/06\/PE\u00d1A6a-PORTAL-240x135.jpg 240w, https:\/\/www.diarioimagen.net\/wp-content\/uploads\/2016\/06\/PE\u00d1A6a-PORTAL-235x132.jpg 235w, https:\/\/www.diarioimagen.net\/wp-content\/uploads\/2016\/06\/PE\u00d1A6a-PORTAL-202x114.jpg 202w, https:\/\/www.diarioimagen.net\/wp-content\/uploads\/2016\/06\/PE\u00d1A6a-PORTAL-350x196.jpg 350w, https:\/\/www.diarioimagen.net\/wp-content\/uploads\/2016\/06\/PE\u00d1A6a-PORTAL-220x123.jpg 220w, https:\/\/www.diarioimagen.net\/wp-content\/uploads\/2016\/06\/PE\u00d1A6a-PORTAL-237x132.jpg 237w, https:\/\/www.diarioimagen.net\/wp-content\/uploads\/2016\/06\/PE\u00d1A6a-PORTAL.jpg 480w\" sizes=\"auto, (max-width: 420px) 100vw, 420px\" \/><\/a><p id=\"caption-attachment-272678\" class=\"wp-caption-text\">Enrique Pe\u00f1a Nieto, acompa\u00f1ado de su esposa, emiti\u00f3 su voto en la casilla ubicada en el jard\u00edn de ni\u00f1os El P\u00edpila.<\/p><\/div>\n<p>&nbsp;<\/p>\n<p>El presidente Enrique Pe\u00f1a Nieto afirm\u00f3 que las \u00e1reas del gobierno de la Rep\u00fablica, en particular las de seguridad, estuvieron atentas y en coordinaci\u00f3n para asegurar que se mantuviera un clima de orden y tranquilidad en la jornada electoral.<\/p>\n<p>Luego de emitir su voto en la casilla ubicada en el jard\u00edn de ni\u00f1os El P\u00edpila, en la Ciudad de M\u00e9xico, el mandatario federal destac\u00f3 que de acuerdo a la informaci\u00f3n con la que contaba, hasta el momento la jornada se desarrollaba de manera normal y en tranquilidad, sin incidentes mayores.<\/p>\n<p>El titular del Ejecutivo ejerci\u00f3 su derecho al voto, el tercero en lo que va de su administraci\u00f3n, en esta ocasi\u00f3n para la Asamblea Constituyente.<\/p>\n<p>Llam\u00f3 a la ciudadan\u00eda a votar en un ambiente de civilidad, armon\u00eda social y fiesta en una jornada que reafirme la vocaci\u00f3n democr\u00e1tica de M\u00e9xico.<\/p>\n<p>Acompa\u00f1ado por su esposa, Ang\u00e9lica Rivera, Pe\u00f1a Nieto confi\u00f3 en que \u00e9ste sea un proceso electoral que \u201creafirme nuestra vocaci\u00f3n democr\u00e1tica y sea un espacio de amplia participaci\u00f3n\u201d de la sociedad mexicana.<\/p>\n<p>El mandatario federal record\u00f3 que esta jornada involucra elecciones en diferentes entidades del pa\u00eds, en donde la ciudadan\u00eda ejercer\u00e1 su derecho al voto para elegir a gobernadores, as\u00ed como autoridades y diputados locales.<\/p>\n<p>Ante este hecho, dese\u00f3 que este sea un d\u00eda de fiesta y de alegr\u00eda para la democracia, en donde la gente participe de este ejercicio democr\u00e1tico. \u201cEspero una jornada electoral en la que prevalezca la civilidad, tranquilidad y armon\u00eda social\u201d.<\/p>\n<p style=\"text-align: center;\"><strong>Compromiso con cuidado del medio ambiente<\/strong><\/p>\n<p>En el marco del D\u00eda Mundial del Medio Ambiente, el presidente de M\u00e9xico, Enrique Pe\u00f1a Nieto, se\u00f1al\u00f3 que M\u00e9xico ofrece gran responsabilidad en el cuidado del medio ambiente.<\/p>\n<p>En su cuenta de Twitter @EPN escribi\u00f3 \u201cLa megadiversidad de @Mexico ofrece grandes oportunidades de crecer frente al mundo, y gran responsabilidad en el cuidado al #MedioAmbiente\u201d.<\/p>\n<p>Record\u00f3 que \u201cEste mundo es nuestra casa, y frente a los retos globales que hoy se plantean, @Mexico se compromete a protegerla #DMMA2016\u201d.<\/p>\n<p>Agreg\u00f3 que \u201c@Mexico es reconocido mundialmente por albergar un capital natural excepcional, por eso su protecci\u00f3n es una prioridad nacional #DMMA2016\u201d.<\/p>\n","protected":false},"excerpt":{"rendered":"<p>El presidente Enrique Pe\u00f1a Nieto afirm\u00f3 que las \u00e1reas del gobierno de la Rep\u00fablica, en particular las de seguridad, estuvieron atentas y en coordinaci\u00f3n para asegurar que se mantuviera un clima de orden y tranquilidad en la jornada electoral.<\/p>\n","protected":false},"author":5,"featured_media":272678,"comment_status":"open","ping_status":"open","sticky":false,"template":"","format":"standard","meta":{"_monsterinsights_skip_tracking":false,"_monsterinsights_sitenote_active":false,"_monsterinsights_sitenote_note":"","_monsterinsights_sitenote_category":0,"footnotes":""},"categories":[3],"tags":[5550,18,43673,18656],"class_list":["post-272674","post","type-post","status-publish","format-standard","has-post-thumbnail","hentry","category-nacional","tag-comicios","tag-enrique-pena-nieto","tag-nacional","tag-votar"],"_links":{"self":[{"href":"https:\/\/www.diarioimagen.net\/index.php?rest_route=\/wp\/v2\/posts\/272674","targetHints":{"allow":["GET"]}}],"collection":[{"href":"https:\/\/www.diarioimagen.net\/index.php?rest_route=\/wp\/v2\/posts"}],"about":[{"href":"https:\/\/www.diarioimagen.net\/index.php?rest_route=\/wp\/v2\/types\/post"}],"author":[{"embeddable":true,"href":"https:\/\/www.diarioimagen.net\/index.php?rest_route=\/wp\/v2\/users\/5"}],"replies":[{"embeddable":true,"href":"https:\/\/www.diarioimagen.net\/index.php?rest_route=%2Fwp%2Fv2%2Fcomments&post=272674"}],"version-history":[{"count":0,"href":"https:\/\/www.diarioimagen.net\/index.php?rest_route=\/wp\/v2\/posts\/272674\/revisions"}],"wp:featuredmedia":[{"embeddable":true,"href":"https:\/\/www.diarioimagen.net\/index.php?rest_route=\/wp\/v2\/media\/272678"}],"wp:attachment":[{"href":"https:\/\/www.diarioimagen.net\/index.php?rest_route=%2Fwp%2Fv2%2Fmedia&parent=272674"}],"wp:term":[{"taxonomy":"category","embeddable":true,"href":"https:\/\/www.diarioimagen.net\/index.php?rest_route=%2Fwp%2Fv2%2Fcategories&post=272674"},{"taxonomy":"post_tag","embeddable":true,"href":"https:\/\/www.diarioimagen.net\/index.php?rest_route=%2Fwp%2Fv2%2Ftags&post=272674"}],"curies":[{"name":"wp","href":"https:\/\/api.w.org\/{rel}","templated":true}]}}