{"id":272719,"date":"2016-06-06T00:08:36","date_gmt":"2016-06-06T05:08:36","guid":{"rendered":"http:\/\/www.diarioimagen.net\/?p=272719"},"modified":"2016-06-07T00:10:40","modified_gmt":"2016-06-07T05:10:40","slug":"elecciones-tranquilas-y-competidas-ine","status":"publish","type":"post","link":"https:\/\/www.diarioimagen.net\/?p=272719","title":{"rendered":"Elecciones en un clima de tranquilidad: INE"},"content":{"rendered":"<ul>\n<li><strong><em>S\u00f3lo se reportaron incidentes menores<\/em><\/strong><\/li>\n<\/ul>\n<h6>Jos\u00e9 Luis Monta\u00f1ez<\/h6>\n<div id=\"attachment_272720\" style=\"width: 430px\" class=\"wp-caption aligncenter\"><a href=\"http:\/\/www.diarioimagen.net\/?attachment_id=272720\" rel=\"attachment wp-att-272720\"><img loading=\"lazy\" decoding=\"async\" aria-describedby=\"caption-attachment-272720\" class=\"size-large wp-image-272720\" src=\"http:\/\/www.diarioimagen.net\/wp-content\/uploads\/2016\/06\/ELECCIONES-portal-420x236.jpg\" alt=\"Las elecciones transcurrieron en un clima de tranquilidad, afirm\u00f3 el consejero presidente del Instituto Nacional Electoral.\" width=\"420\" height=\"236\" srcset=\"https:\/\/www.diarioimagen.net\/wp-content\/uploads\/2016\/06\/ELECCIONES-portal-420x236.jpg 420w, https:\/\/www.diarioimagen.net\/wp-content\/uploads\/2016\/06\/ELECCIONES-portal-240x135.jpg 240w, https:\/\/www.diarioimagen.net\/wp-content\/uploads\/2016\/06\/ELECCIONES-portal-235x132.jpg 235w, https:\/\/www.diarioimagen.net\/wp-content\/uploads\/2016\/06\/ELECCIONES-portal-202x114.jpg 202w, https:\/\/www.diarioimagen.net\/wp-content\/uploads\/2016\/06\/ELECCIONES-portal-350x196.jpg 350w, https:\/\/www.diarioimagen.net\/wp-content\/uploads\/2016\/06\/ELECCIONES-portal-220x123.jpg 220w, https:\/\/www.diarioimagen.net\/wp-content\/uploads\/2016\/06\/ELECCIONES-portal-237x132.jpg 237w, https:\/\/www.diarioimagen.net\/wp-content\/uploads\/2016\/06\/ELECCIONES-portal.jpg 480w\" sizes=\"auto, (max-width: 420px) 100vw, 420px\" \/><\/a><p id=\"caption-attachment-272720\" class=\"wp-caption-text\">Las elecciones transcurrieron en un clima de tranquilidad, afirm\u00f3 el consejero presidente del Instituto Nacional Electoral.<\/p><\/div>\n<p>&nbsp;<\/p>\n<p>La jornada comicial en 14 entidades del pa\u00eds transcurri\u00f3 en un clima de calma y tranquilidad, afirm\u00f3 el consejero presidente del Instituto Nacional Electoral (INE), Lorenzo C\u00f3rdova Vianello.<\/p>\n<p>Se\u00f1al\u00f3 que pese a que se registraron algunos incidentes menores, hubo un clima de tranquilidad en el pa\u00eds, \u201cuna calma chicha\u201d, y \u201cla mesa estuvo puesta para que el ciudadano decidiera libremente\u00a0 ejercer su voto\u201d.<\/p>\n<p>Las autoridades electorales atendieron todas las quejas que presentaron los partidos pol\u00edticos a lo largo de la jornada, que inici\u00f3 a las ocho de la ma\u00f1ana y concluy\u00f3 a las seis de la tarde, afirm\u00f3.<\/p>\n<p style=\"text-align: center;\"><strong>El PRI aventaja en nueve estados<\/strong><\/p>\n<p>Por su parte, el presidente nacional del PRI, Manlio Fabio Beltrones, inform\u00f3 ayer por la noche, que de acuerdo con los resultados de sus encuestas, su partido llevaba ligera ventaja en las gubernaturas de Hidalgo, Quintana Roo, Aguascalientes, Oaxaca, Durango, Tlaxcala, Zacatecas, Tamaulipas y Veracruz, y reconoci\u00f3 que en Puebla los resultados no les favorec\u00edan.<\/p>\n<p>Acompa\u00f1ado por integrantes del Comit\u00e9 Nacional del PRI, Beltrones asever\u00f3: \u201ccelebramos intensa competencia, son signos de nuevos tiempos; tambi\u00e9n celebramos ambiente c\u00edvico y la lealtad con la que el priismo respald\u00f3 a su partido\u201d.<\/p>\n<p>Manifest\u00f3 que aunque algunas encuestas que se han dado a conocer p\u00fablicamente, tienen otros resultados, \u201ccon nuestras propias encuestas les puedo informar que en nueve estados el PRI va adelante<\/p>\n<p style=\"text-align: center;\"><strong>Elecci\u00f3n en la CDMX<\/strong><\/p>\n<p>En la Ciudad de M\u00e9xico, el jefe de gobierno, Miguel \u00c1ngel Mancera Espinosa, emiti\u00f3 su voto a la Asamblea Constituyente de la Ciudad de M\u00e9xico la ma\u00f1ana de ayer.<\/p>\n<p>El Ejecutivo local lleg\u00f3 pasadas las 9:00 horas a la casilla 4477 del Distrito 15, ubicada en Avenida Coyoac\u00e1n, colonia Acacias, delegaci\u00f3n Benito Ju\u00e1rez.<\/p>\n<p style=\"text-align: center;\"><strong>Baja afluencia ciudadana<\/strong><\/p>\n<p>La poca afluencia de votantes que se observ\u00f3 la ma\u00f1ana y tarde de ayer domingo en casillas instaladas en la Ciudad de M\u00e9xico, la atribuyeron capitalinos a falta de informaci\u00f3n sobre la elecci\u00f3n de la Asamblea Constituyente.<\/p>\n<p>Durante un recorrido realizado se pudo constatar que las personas que acudieron a emitir su voto eran mayores a los 40 a\u00f1os de edad, y muy pocos j\u00f3venes acudieron a cumplir con su obligaci\u00f3n ciudadana.<\/p>\n","protected":false},"excerpt":{"rendered":"<p><span style=\"color: #005497;\">Jos\u00e9 Luis Monta\u00f1ez<\/span><br \/>\n<br \/>\nLa jornada comicial en 14 entidades del pa\u00eds transcurri\u00f3 en un clima de calma y tranquilidad, afirm\u00f3 el consejero presidente del Instituto Nacional Electoral (INE), Lorenzo C\u00f3rdova Vianello.<\/p>\n","protected":false},"author":5,"featured_media":272720,"comment_status":"open","ping_status":"open","sticky":false,"template":"","format":"standard","meta":{"_monsterinsights_skip_tracking":false,"_monsterinsights_sitenote_active":false,"_monsterinsights_sitenote_note":"","_monsterinsights_sitenote_category":0,"footnotes":""},"categories":[3],"tags":[798,29347,16200],"class_list":["post-272719","post","type-post","status-publish","format-standard","has-post-thumbnail","hentry","category-nacional","tag-elecciones","tag-ine","tag-lorenzo-cordova-vianello"],"_links":{"self":[{"href":"https:\/\/www.diarioimagen.net\/index.php?rest_route=\/wp\/v2\/posts\/272719","targetHints":{"allow":["GET"]}}],"collection":[{"href":"https:\/\/www.diarioimagen.net\/index.php?rest_route=\/wp\/v2\/posts"}],"about":[{"href":"https:\/\/www.diarioimagen.net\/index.php?rest_route=\/wp\/v2\/types\/post"}],"author":[{"embeddable":true,"href":"https:\/\/www.diarioimagen.net\/index.php?rest_route=\/wp\/v2\/users\/5"}],"replies":[{"embeddable":true,"href":"https:\/\/www.diarioimagen.net\/index.php?rest_route=%2Fwp%2Fv2%2Fcomments&post=272719"}],"version-history":[{"count":0,"href":"https:\/\/www.diarioimagen.net\/index.php?rest_route=\/wp\/v2\/posts\/272719\/revisions"}],"wp:featuredmedia":[{"embeddable":true,"href":"https:\/\/www.diarioimagen.net\/index.php?rest_route=\/wp\/v2\/media\/272720"}],"wp:attachment":[{"href":"https:\/\/www.diarioimagen.net\/index.php?rest_route=%2Fwp%2Fv2%2Fmedia&parent=272719"}],"wp:term":[{"taxonomy":"category","embeddable":true,"href":"https:\/\/www.diarioimagen.net\/index.php?rest_route=%2Fwp%2Fv2%2Fcategories&post=272719"},{"taxonomy":"post_tag","embeddable":true,"href":"https:\/\/www.diarioimagen.net\/index.php?rest_route=%2Fwp%2Fv2%2Ftags&post=272719"}],"curies":[{"name":"wp","href":"https:\/\/api.w.org\/{rel}","templated":true}]}}