{"id":272763,"date":"2016-06-06T00:07:16","date_gmt":"2016-06-06T05:07:16","guid":{"rendered":"http:\/\/www.diarioimagen.net\/?p=272763"},"modified":"2016-06-06T06:53:54","modified_gmt":"2016-06-06T11:53:54","slug":"cuenta-uaem-con-coordinacion-institucional-de-equidad-de-genero","status":"publish","type":"post","link":"https:\/\/www.diarioimagen.net\/?p=272763","title":{"rendered":"Cuenta UAEM con Coordinaci\u00f3n Institucional de Equidad de G\u00e9nero"},"content":{"rendered":"<ul>\n<li><strong><em>Promover\u00e1n esfuerzos acad\u00e9micos en la materia<\/em><\/strong><\/li>\n<\/ul>\n<p>&nbsp;<\/p>\n<div id=\"attachment_272879\" style=\"width: 430px\" class=\"wp-caption aligncenter\"><a href=\"http:\/\/www.diarioimagen.net\/wp-content\/uploads\/2016\/06\/UAEM-2882.jpg\"><img loading=\"lazy\" decoding=\"async\" aria-describedby=\"caption-attachment-272879\" class=\"size-large wp-image-272879\" src=\"http:\/\/www.diarioimagen.net\/wp-content\/uploads\/2016\/06\/UAEM-2882-420x236.jpg\" alt=\"El rector de la UAEM, Jorge Olvera Garc\u00eda, firm\u00f3 el Acuerdo para la Creaci\u00f3n de la Coordinaci\u00f3n Institucional de Equidad de G\u00e9nero.\" width=\"420\" height=\"236\" srcset=\"https:\/\/www.diarioimagen.net\/wp-content\/uploads\/2016\/06\/UAEM-2882-420x236.jpg 420w, https:\/\/www.diarioimagen.net\/wp-content\/uploads\/2016\/06\/UAEM-2882-240x135.jpg 240w, https:\/\/www.diarioimagen.net\/wp-content\/uploads\/2016\/06\/UAEM-2882-768x432.jpg 768w, https:\/\/www.diarioimagen.net\/wp-content\/uploads\/2016\/06\/UAEM-2882-480x270.jpg 480w, https:\/\/www.diarioimagen.net\/wp-content\/uploads\/2016\/06\/UAEM-2882-235x132.jpg 235w, https:\/\/www.diarioimagen.net\/wp-content\/uploads\/2016\/06\/UAEM-2882-202x114.jpg 202w, https:\/\/www.diarioimagen.net\/wp-content\/uploads\/2016\/06\/UAEM-2882-350x196.jpg 350w, https:\/\/www.diarioimagen.net\/wp-content\/uploads\/2016\/06\/UAEM-2882-220x123.jpg 220w, https:\/\/www.diarioimagen.net\/wp-content\/uploads\/2016\/06\/UAEM-2882-237x132.jpg 237w, https:\/\/www.diarioimagen.net\/wp-content\/uploads\/2016\/06\/UAEM-2882.jpg 1200w\" sizes=\"auto, (max-width: 420px) 100vw, 420px\" \/><\/a><p id=\"caption-attachment-272879\" class=\"wp-caption-text\">El rector de la UAEM, Jorge Olvera Garc\u00eda, firm\u00f3 el Acuerdo para la Creaci\u00f3n de la Coordinaci\u00f3n Institucional de Equidad de G\u00e9nero.<\/p><\/div>\n<p>&nbsp;<\/p>\n<p>En un hecho hist\u00f3rico en la Universidad Aut\u00f3noma del Estado de M\u00e9xico, el rector Jorge Olvera Garc\u00eda, firm\u00f3 el Acuerdo para la Creaci\u00f3n de la Coordinaci\u00f3n Institucional de Equidad de G\u00e9nero, instancia que permitir\u00e1 articular, difundir y promover los esfuerzos acad\u00e9micos e institucionales en materia de igualdad, equidad de g\u00e9nero y prevenci\u00f3n de la violencia contra las mujeres.<\/p>\n<p>Durante la firma de este importante documento, acompa\u00f1ado por el secretario de Docencia de la UAEM, Alfredo Barrera Baca, y la titular de la Coordinaci\u00f3n, Janet Valero Vilchis, Olvera Garc\u00eda destac\u00f3 la necesidad de que la UAEM se sume a los esfuerzos emprendidos en esta materia por los gobiernos mexiquense y federal, mediante una participaci\u00f3n activa y con acciones que permitan la creaci\u00f3n de pol\u00edticas p\u00fablicas con perspectiva de g\u00e9nero.<\/p>\n<p>En este evento, al que acudieron la\u00a0coordinadora del\u00a0Centro de Investigaci\u00f3n\u00a0y Estudios en Movilidades y Migraciones Internacionales de la UAEM, Norma Baca Tavira, y la coordinadora de la Especialidad en Pol\u00edticas P\u00fablicas, G\u00e9nero y Violencia, Araceli P\u00e9rez Dami\u00e1n, el rector puntualiz\u00f3 que la Coordinaci\u00f3n Institucional de Equidad de G\u00e9nero ser\u00e1 el ente que dirija y coordine los trabajos con perspectiva de g\u00e9nero realizados en cuerpos acad\u00e9micos pertenecientes a los diversos espacios universitarios de la Aut\u00f3noma mexiquense.<\/p>\n<p>Tras referir que la UAEM continuar\u00e1 produciendo conocimiento y participando en temas de relevancia social, como lo ha hecho en \u00e1mbitos como la prevenci\u00f3n de la trata de personas y la defensa de los Derechos Humanos, Jorge Olvera indic\u00f3 que de esta manera la instituci\u00f3n refrenda su compromiso social con la entidad y el pa\u00eds.<\/p>\n<p>La Coordinaci\u00f3n Institucional de Equidad de G\u00e9nero, que tendr\u00e1 sede en la Biblioteca Central\u00a0\u201cDr. Juan Josafat Pichardo Cruz\u201d de la UAEM, en Ciudad Universitaria, se suma a la iniciativa de la Asociaci\u00f3n Nacional de Universidades e Instituciones de Educaci\u00f3n Superior (ANUIES) para contar con una oficina que re\u00fana todos los esfuerzos de la instituci\u00f3n en esta materia.<\/p>\n<p>&nbsp;<\/p>\n","protected":false},"excerpt":{"rendered":"<p>En un hecho hist\u00f3rico en la Universidad Aut\u00f3noma del Estado de M\u00e9xico, el rector Jorge Olvera Garc\u00eda, firm\u00f3 el Acuerdo para la Creaci\u00f3n de la Coordinaci\u00f3n Institucional de Equidad de G\u00e9nero, instancia que permitir\u00e1 articular, difundir y promover los esfuerzos acad\u00e9micos e institucionales en materia de igualdad, equidad de g\u00e9nero y prevenci\u00f3n de la violencia contra las mujeres.<\/p>\n","protected":false},"author":3,"featured_media":272879,"comment_status":"open","ping_status":"open","sticky":false,"template":"","format":"standard","meta":{"_monsterinsights_skip_tracking":false,"_monsterinsights_sitenote_active":false,"_monsterinsights_sitenote_note":"","_monsterinsights_sitenote_category":0,"footnotes":""},"categories":[35155],"tags":[27015,1491],"class_list":["post-272763","post","type-post","status-publish","format-standard","has-post-thumbnail","hentry","category-estado-de-mexico-estado-de-mexico","tag-jorge-olvera-garcia","tag-uaem"],"_links":{"self":[{"href":"https:\/\/www.diarioimagen.net\/index.php?rest_route=\/wp\/v2\/posts\/272763","targetHints":{"allow":["GET"]}}],"collection":[{"href":"https:\/\/www.diarioimagen.net\/index.php?rest_route=\/wp\/v2\/posts"}],"about":[{"href":"https:\/\/www.diarioimagen.net\/index.php?rest_route=\/wp\/v2\/types\/post"}],"author":[{"embeddable":true,"href":"https:\/\/www.diarioimagen.net\/index.php?rest_route=\/wp\/v2\/users\/3"}],"replies":[{"embeddable":true,"href":"https:\/\/www.diarioimagen.net\/index.php?rest_route=%2Fwp%2Fv2%2Fcomments&post=272763"}],"version-history":[{"count":0,"href":"https:\/\/www.diarioimagen.net\/index.php?rest_route=\/wp\/v2\/posts\/272763\/revisions"}],"wp:featuredmedia":[{"embeddable":true,"href":"https:\/\/www.diarioimagen.net\/index.php?rest_route=\/wp\/v2\/media\/272879"}],"wp:attachment":[{"href":"https:\/\/www.diarioimagen.net\/index.php?rest_route=%2Fwp%2Fv2%2Fmedia&parent=272763"}],"wp:term":[{"taxonomy":"category","embeddable":true,"href":"https:\/\/www.diarioimagen.net\/index.php?rest_route=%2Fwp%2Fv2%2Fcategories&post=272763"},{"taxonomy":"post_tag","embeddable":true,"href":"https:\/\/www.diarioimagen.net\/index.php?rest_route=%2Fwp%2Fv2%2Ftags&post=272763"}],"curies":[{"name":"wp","href":"https:\/\/api.w.org\/{rel}","templated":true}]}}