{"id":272766,"date":"2016-06-06T00:07:55","date_gmt":"2016-06-06T05:07:55","guid":{"rendered":"http:\/\/www.diarioimagen.net\/?p=272766"},"modified":"2016-06-06T06:54:51","modified_gmt":"2016-06-06T11:54:51","slug":"plantaran-en-edomex-mas-de-22-millones-de-arboles","status":"publish","type":"post","link":"https:\/\/www.diarioimagen.net\/?p=272766","title":{"rendered":"Plantar\u00e1n en Edomex m\u00e1s de 22 millones de \u00e1rboles"},"content":{"rendered":"<ul>\n<li><strong><em>Campa\u00f1a de Reforestaci\u00f3n 2016<\/em><\/strong><\/li>\n<\/ul>\n<p>&nbsp;<\/p>\n<div id=\"attachment_272882\" style=\"width: 430px\" class=\"wp-caption aligncenter\"><a href=\"http:\/\/www.diarioimagen.net\/wp-content\/uploads\/2016\/06\/arboles-2882.jpg\"><img loading=\"lazy\" decoding=\"async\" aria-describedby=\"caption-attachment-272882\" class=\"size-large wp-image-272882\" src=\"http:\/\/www.diarioimagen.net\/wp-content\/uploads\/2016\/06\/arboles-2882-420x236.jpg\" alt=\"En la Campa\u00f1a de Reforestaci\u00f3n 2016, que en breve iniciar\u00e1, se tiene programada la plantaci\u00f3n de 22.3 millones de \u00e1rboles en el Estado de M\u00e9xico.\" width=\"420\" height=\"236\" srcset=\"https:\/\/www.diarioimagen.net\/wp-content\/uploads\/2016\/06\/arboles-2882-420x236.jpg 420w, https:\/\/www.diarioimagen.net\/wp-content\/uploads\/2016\/06\/arboles-2882-240x135.jpg 240w, https:\/\/www.diarioimagen.net\/wp-content\/uploads\/2016\/06\/arboles-2882-235x132.jpg 235w, https:\/\/www.diarioimagen.net\/wp-content\/uploads\/2016\/06\/arboles-2882-202x114.jpg 202w, https:\/\/www.diarioimagen.net\/wp-content\/uploads\/2016\/06\/arboles-2882-350x196.jpg 350w, https:\/\/www.diarioimagen.net\/wp-content\/uploads\/2016\/06\/arboles-2882-220x123.jpg 220w, https:\/\/www.diarioimagen.net\/wp-content\/uploads\/2016\/06\/arboles-2882-237x132.jpg 237w, https:\/\/www.diarioimagen.net\/wp-content\/uploads\/2016\/06\/arboles-2882.jpg 480w\" sizes=\"auto, (max-width: 420px) 100vw, 420px\" \/><\/a><p id=\"caption-attachment-272882\" class=\"wp-caption-text\">En la Campa\u00f1a de Reforestaci\u00f3n 2016, que en breve iniciar\u00e1, se tiene programada la plantaci\u00f3n de 22.3 millones de \u00e1rboles en el Estado de M\u00e9xico.<\/p><\/div>\n<p>&nbsp;<\/p>\n<p><strong>Calimaya, Estado de M\u00e9xico<\/strong>.- Durante la pr\u00f3xima Campa\u00f1a de Reforestaci\u00f3n 2016, que en breve iniciar\u00e1, se tiene programada la plantaci\u00f3n de 22.3 millones de \u00e1rboles en el Estado de M\u00e9xico, para preservar el entorno ecol\u00f3gico.<\/p>\n<p>As\u00ed lo dio a conocer Ra\u00fal Vargas Herrera, secretario del Medio Ambiente, durante una gira de trabajo por Mexicaltzingo y Calimaya, que realiz\u00f3 con el director general de Atenci\u00f3n a Entidades Federativas de la Presidencia de la Rep\u00fablica, Felipe Serrano, en donde puntualiz\u00f3 que en durante la presente administraci\u00f3n estatal se han plantado 96 millones de \u00e1rboles.<\/p>\n<p>En presencia de 11 delegados de dependencias federales en el Estado de M\u00e9xico, inform\u00f3 que tambi\u00e9n se pondr\u00e1 en marcha un programa de forestaci\u00f3n urbana en el que se plantar\u00e1n m\u00e1s de 200 mil \u00e1rboles.<\/p>\n<p>Acompa\u00f1ado por los alcaldes de Mexicaltzingo, Sara V\u00e1zquez, y de Calimaya, Armando Levi Torres Aranguren e integrantes del cabildo, Vargas Herrera subray\u00f3 que este tipo de eventos muestran el gran trabajo de coordinaci\u00f3n entre los tres \u00f3rdenes de gobierno para beneficio de la sociedad.<\/p>\n<p>En este sentido, reconoci\u00f3 la voluntad de trabajo de los 11 delegados federales que asistieron a la entrega de diversos apoyos como una tienda de Diconsa, dos lecher\u00edas de Liconsa, m\u00e1s de 60 mil focos ahorradores de luz, m\u00e1s de 4 mil \u00e1rboles por parte de la Conafor, pensiones para Adultos Mayores de 65 y M\u00e1s, as\u00ed como certificados escolares del Instituto Nacional de Educaci\u00f3n para los Adultos, ecotecnias y enseres dom\u00e9sticos para comedores comunitarios.<\/p>\n<p>&nbsp;<\/p>\n","protected":false},"excerpt":{"rendered":"<p>Durante la pr\u00f3xima Campa\u00f1a de Reforestaci\u00f3n 2016, que en breve iniciar\u00e1, se tiene programada la plantaci\u00f3n de 22.3 millones de \u00e1rboles en el Estado de M\u00e9xico, para preservar el entorno ecol\u00f3gico.<\/p>\n","protected":false},"author":3,"featured_media":272882,"comment_status":"open","ping_status":"open","sticky":false,"template":"","format":"standard","meta":{"_monsterinsights_skip_tracking":false,"_monsterinsights_sitenote_active":false,"_monsterinsights_sitenote_note":"","_monsterinsights_sitenote_category":0,"footnotes":""},"categories":[35155],"tags":[51406,5830,43675],"class_list":["post-272766","post","type-post","status-publish","format-standard","has-post-thumbnail","hentry","category-estado-de-mexico-estado-de-mexico","tag-arboles","tag-calimaya","tag-estado-de-mexico"],"_links":{"self":[{"href":"https:\/\/www.diarioimagen.net\/index.php?rest_route=\/wp\/v2\/posts\/272766","targetHints":{"allow":["GET"]}}],"collection":[{"href":"https:\/\/www.diarioimagen.net\/index.php?rest_route=\/wp\/v2\/posts"}],"about":[{"href":"https:\/\/www.diarioimagen.net\/index.php?rest_route=\/wp\/v2\/types\/post"}],"author":[{"embeddable":true,"href":"https:\/\/www.diarioimagen.net\/index.php?rest_route=\/wp\/v2\/users\/3"}],"replies":[{"embeddable":true,"href":"https:\/\/www.diarioimagen.net\/index.php?rest_route=%2Fwp%2Fv2%2Fcomments&post=272766"}],"version-history":[{"count":0,"href":"https:\/\/www.diarioimagen.net\/index.php?rest_route=\/wp\/v2\/posts\/272766\/revisions"}],"wp:featuredmedia":[{"embeddable":true,"href":"https:\/\/www.diarioimagen.net\/index.php?rest_route=\/wp\/v2\/media\/272882"}],"wp:attachment":[{"href":"https:\/\/www.diarioimagen.net\/index.php?rest_route=%2Fwp%2Fv2%2Fmedia&parent=272766"}],"wp:term":[{"taxonomy":"category","embeddable":true,"href":"https:\/\/www.diarioimagen.net\/index.php?rest_route=%2Fwp%2Fv2%2Fcategories&post=272766"},{"taxonomy":"post_tag","embeddable":true,"href":"https:\/\/www.diarioimagen.net\/index.php?rest_route=%2Fwp%2Fv2%2Ftags&post=272766"}],"curies":[{"name":"wp","href":"https:\/\/api.w.org\/{rel}","templated":true}]}}