{"id":272975,"date":"2016-06-07T00:06:59","date_gmt":"2016-06-07T05:06:59","guid":{"rendered":"http:\/\/www.diarioimagen.net\/?p=272975"},"modified":"2016-06-08T00:41:18","modified_gmt":"2016-06-08T05:41:18","slug":"impulsa-edomex-reforestacion-para-mejorar-calidad-del-aire","status":"publish","type":"post","link":"https:\/\/www.diarioimagen.net\/?p=272975","title":{"rendered":"Impulsa Edomex reforestaci\u00f3n para mejorar calidad del aire"},"content":{"rendered":"<ul>\n<li><strong><em>Inaugura aulas, talleres y laboratorios de la Escuela de Artes Esc\u00e9nicas<\/em><\/strong><\/li>\n<\/ul>\n<p>&nbsp;<\/p>\n<div id=\"attachment_273026\" style=\"width: 430px\" class=\"wp-caption aligncenter\"><a href=\"http:\/\/www.diarioimagen.net\/?attachment_id=273026\" rel=\"attachment wp-att-273026\"><img loading=\"lazy\" decoding=\"async\" aria-describedby=\"caption-attachment-273026\" class=\"size-large wp-image-273026\" src=\"http:\/\/www.diarioimagen.net\/wp-content\/uploads\/2016\/06\/arco-2883-420x236.jpg\" alt=\"Eruviel \u00c1vila - Inaugurando instalaciones en la Escuela de Artes Esc\u00e9nicas de la UAEM.\" width=\"420\" height=\"236\" srcset=\"https:\/\/www.diarioimagen.net\/wp-content\/uploads\/2016\/06\/arco-2883-420x236.jpg 420w, https:\/\/www.diarioimagen.net\/wp-content\/uploads\/2016\/06\/arco-2883-240x135.jpg 240w, https:\/\/www.diarioimagen.net\/wp-content\/uploads\/2016\/06\/arco-2883-480x270.jpg 480w, https:\/\/www.diarioimagen.net\/wp-content\/uploads\/2016\/06\/arco-2883-235x132.jpg 235w, https:\/\/www.diarioimagen.net\/wp-content\/uploads\/2016\/06\/arco-2883-202x114.jpg 202w, https:\/\/www.diarioimagen.net\/wp-content\/uploads\/2016\/06\/arco-2883-350x196.jpg 350w, https:\/\/www.diarioimagen.net\/wp-content\/uploads\/2016\/06\/arco-2883-220x123.jpg 220w, https:\/\/www.diarioimagen.net\/wp-content\/uploads\/2016\/06\/arco-2883-237x132.jpg 237w, https:\/\/www.diarioimagen.net\/wp-content\/uploads\/2016\/06\/arco-2883.jpg 640w\" sizes=\"auto, (max-width: 420px) 100vw, 420px\" \/><\/a><p id=\"caption-attachment-273026\" class=\"wp-caption-text\">Eruviel \u00c1vila &#8211; Inaugurando instalaciones en la Escuela de Artes Esc\u00e9nicas de la UAEM.<\/p><\/div>\n<p>&nbsp;<\/p>\n<p><strong>Toluca, Estado de M\u00e9xico<\/strong>.- El gobernador Eruviel \u00c1vila Villegas anunci\u00f3 que propondr\u00e1 a la Comisi\u00f3n Ambiental de la Megal\u00f3polis (CAMe) que las entidades que integran esta zona inviertan en la preservaci\u00f3n y cuidado de los bosques, que son f\u00e1bricas de agua, y que son acciones que desarrolla el Estado de M\u00e9xico para mejorar la calidad del aire y tener m\u00e1s fuentes de captaci\u00f3n del vital l\u00edquido.<\/p>\n<p>\u201cYo s\u00e9 que todos tenemos que aportar y \u00e9ste es un ejemplo, lo digo con humildad, que el Estado de M\u00e9xico bien puede ofrecer y compartir a otras entidades federativas; si nos preocupa, verdaderamente, el medio ambiente a todos, pues hay que invertirle, hay que apoyar, hay que sembrar \u00e1rboles, pero adem\u00e1s hay que cuidarlos, hay que apoyar a los ejidatarios econ\u00f3micamente c\u00f3mo lo hacemos, para que cuiden de nuestros bosques, para que cuiden de nuestros \u00e1rboles, que adem\u00e1s de captar bi\u00f3xido de carbono, nos dan mucho ox\u00edgeno, y se conviertan a la vez en verdaderas f\u00e1bricas de agua\u201d.<\/p>\n<p>Durante la inauguraci\u00f3n de instalaciones de la Universidad Aut\u00f3noma del Estado de M\u00e9xico, en donde, en el marco del D\u00eda Mundial del Medio Ambiente indic\u00f3 que la entidad hace la parte que le corresponde en esta materia, con acciones como la inversi\u00f3n de 530 millones de pesos para proteger, conservar y reforestar m\u00e1s de 190 mil hect\u00e1reas de bosque, lo que equivale a 500 veces la extensi\u00f3n del Bosque de Chapultepec.<\/p>\n<p>Eruviel \u00c1vila expuso que a trav\u00e9s del programa de Reforestaci\u00f3n y Restauraci\u00f3n Integral de Microcuencas (Prorrim), durante la actual administraci\u00f3n se han reforestado m\u00e1s de 22 mil hect\u00e1reas con 22 millones de \u00e1rboles plantados, y mediante el programa de Pago por Servicios Ambientales Hidrol\u00f3gicos, que son incentivos econ\u00f3micos que se otorgan a los due\u00f1os de terrenos forestales para su conservaci\u00f3n y con ello evitar el cambio de uso de suelo que propicie su deforestaci\u00f3n, se han destinado m\u00e1s de 500 millones de pesos para proteger m\u00e1s de 76 mil hect\u00e1reas boscosas.<\/p>\n","protected":false},"excerpt":{"rendered":"<p>El gobernador Eruviel \u00c1vila Villegas anunci\u00f3 que propondr\u00e1 a la Comisi\u00f3n Ambiental de la Megal\u00f3polis (CAMe) que las entidades que integran esta zona inviertan en la preservaci\u00f3n y cuidado de los bosques, que son f\u00e1bricas de agua, y que son acciones que desarrolla el Estado de M\u00e9xico para mejorar la calidad del aire y tener m\u00e1s fuentes de captaci\u00f3n del vital l\u00edquido.<\/p>\n","protected":false},"author":3,"featured_media":273026,"comment_status":"open","ping_status":"open","sticky":false,"template":"","format":"standard","meta":{"_monsterinsights_skip_tracking":false,"_monsterinsights_sitenote_active":false,"_monsterinsights_sitenote_note":"","_monsterinsights_sitenote_category":0,"footnotes":""},"categories":[5],"tags":[19954,43675,39541,45368,452],"class_list":["post-272975","post","type-post","status-publish","format-standard","has-post-thumbnail","hentry","category-estado-de-mexico","tag-calidad","tag-estado-de-mexico","tag-mejorar","tag-reforestacion","tag-toluca"],"_links":{"self":[{"href":"https:\/\/www.diarioimagen.net\/index.php?rest_route=\/wp\/v2\/posts\/272975","targetHints":{"allow":["GET"]}}],"collection":[{"href":"https:\/\/www.diarioimagen.net\/index.php?rest_route=\/wp\/v2\/posts"}],"about":[{"href":"https:\/\/www.diarioimagen.net\/index.php?rest_route=\/wp\/v2\/types\/post"}],"author":[{"embeddable":true,"href":"https:\/\/www.diarioimagen.net\/index.php?rest_route=\/wp\/v2\/users\/3"}],"replies":[{"embeddable":true,"href":"https:\/\/www.diarioimagen.net\/index.php?rest_route=%2Fwp%2Fv2%2Fcomments&post=272975"}],"version-history":[{"count":0,"href":"https:\/\/www.diarioimagen.net\/index.php?rest_route=\/wp\/v2\/posts\/272975\/revisions"}],"wp:featuredmedia":[{"embeddable":true,"href":"https:\/\/www.diarioimagen.net\/index.php?rest_route=\/wp\/v2\/media\/273026"}],"wp:attachment":[{"href":"https:\/\/www.diarioimagen.net\/index.php?rest_route=%2Fwp%2Fv2%2Fmedia&parent=272975"}],"wp:term":[{"taxonomy":"category","embeddable":true,"href":"https:\/\/www.diarioimagen.net\/index.php?rest_route=%2Fwp%2Fv2%2Fcategories&post=272975"},{"taxonomy":"post_tag","embeddable":true,"href":"https:\/\/www.diarioimagen.net\/index.php?rest_route=%2Fwp%2Fv2%2Ftags&post=272975"}],"curies":[{"name":"wp","href":"https:\/\/api.w.org\/{rel}","templated":true}]}}