{"id":272984,"date":"2016-06-07T00:08:14","date_gmt":"2016-06-07T05:08:14","guid":{"rendered":"http:\/\/www.diarioimagen.net\/?p=272984"},"modified":"2016-06-07T04:19:01","modified_gmt":"2016-06-07T09:19:01","slug":"baja-tasa-de-informalidad-laboral-entre-mexiquenses","status":"publish","type":"post","link":"https:\/\/www.diarioimagen.net\/?p=272984","title":{"rendered":"Baja tasa de informalidad laboral entre mexiquenses"},"content":{"rendered":"<h2>Arco Norte<\/h2>\n<h5>Jos\u00e9 Luis Monta\u00f1ez Aguilar<\/h5>\n<p>&nbsp;<\/p>\n<div id=\"attachment_273034\" style=\"width: 430px\" class=\"wp-caption aligncenter\"><a href=\"http:\/\/www.diarioimagen.net\/?attachment_id=273034\" rel=\"attachment wp-att-273034\"><img loading=\"lazy\" decoding=\"async\" aria-describedby=\"caption-attachment-273034\" class=\"size-large wp-image-273034\" src=\"http:\/\/www.diarioimagen.net\/wp-content\/uploads\/2016\/06\/empleo-edomex-2883-420x236.jpg\" alt=\"La formalizaci\u00f3n del empleo avanza en Edomex.\" width=\"420\" height=\"236\" srcset=\"https:\/\/www.diarioimagen.net\/wp-content\/uploads\/2016\/06\/empleo-edomex-2883-420x236.jpg 420w, https:\/\/www.diarioimagen.net\/wp-content\/uploads\/2016\/06\/empleo-edomex-2883-240x135.jpg 240w, https:\/\/www.diarioimagen.net\/wp-content\/uploads\/2016\/06\/empleo-edomex-2883-235x132.jpg 235w, https:\/\/www.diarioimagen.net\/wp-content\/uploads\/2016\/06\/empleo-edomex-2883-202x114.jpg 202w, https:\/\/www.diarioimagen.net\/wp-content\/uploads\/2016\/06\/empleo-edomex-2883-350x196.jpg 350w, https:\/\/www.diarioimagen.net\/wp-content\/uploads\/2016\/06\/empleo-edomex-2883-220x123.jpg 220w, https:\/\/www.diarioimagen.net\/wp-content\/uploads\/2016\/06\/empleo-edomex-2883-237x132.jpg 237w, https:\/\/www.diarioimagen.net\/wp-content\/uploads\/2016\/06\/empleo-edomex-2883.jpg 480w\" sizes=\"auto, (max-width: 420px) 100vw, 420px\" \/><\/a><p id=\"caption-attachment-273034\" class=\"wp-caption-text\">La formalizaci\u00f3n del empleo avanza en Edomex.<\/p><\/div>\n<p>&nbsp;<\/p>\n<p>Del primer trimestre de 2015 al primer trimestre de 2016, la tasa de informalidad en el Estado de M\u00e9xico disminuy\u00f3 2.2 puntos porcentuales, lo que implica que 129 mil 707 trabajadores mexiquenses pasaron al sector formal de la econom\u00eda y ahora se encuentran protegidos por alg\u00fan sistema de seguridad social, inform\u00f3 el secretario del Trabajo, Javier Garc\u00eda Bejos.<\/p>\n<p>Agreg\u00f3 que gracias a las pol\u00edticas\u00a0 que el gobierno del Estado de M\u00e9xico ha realizado para respaldar la reforma laboral, se han presentado importantes avances en este sentido, como que la tasa de informalidad laboral para las mujeres se redujo en 4.4 puntos porcentuales, al pasar hace un a\u00f1o de 61.8 por ciento, a 57.4 por ciento en 2016.<\/p>\n<p>Explic\u00f3 que la seguridad social, como parte esencial de la formalidad del trabajo, se traduce en ofrecer servicios de salud a todos los derechohabientes; proteger a los trabajadores ante un riesgo por invalidez o accidente laboral; otorgar financiamiento para vivienda y le da al trabajador la tranquilidad de contar con un ahorro para su retiro. Javier Garc\u00eda Bejos dijo que el empleo formal es una puerta para abatir la pobreza y la desigualdad, pues adem\u00e1s de proporcionar seguridad social y protecci\u00f3n de los derechos de los trabajadores, significa crecimiento, competitividad y prosperidad para el pa\u00eds, al impulsar la productividad y la competitividad de las empresas mexicanas, elevando la calidad de vida de los trabajadores y sus familias.<\/p>\n<p>Record\u00f3 que el pasado 23 de mayo, el gobernador Eruviel \u00c1vila firm\u00f3 el Convenio para la Ejecuci\u00f3n de Acciones en Materia de Formalizaci\u00f3n del Empleo, junto con la Secretar\u00eda del Trabajo y Previsi\u00f3n Social (STPS) y el Instituto Mexicano del Seguro Social, con el objetivo de reducir anualmente en un punto porcentual la Tasa de Informalidad Laboral, este a\u00f1o y los subsecuentes, con lo que se pretende que m\u00e1s trabajadores encuentren una v\u00eda para asegurar condiciones de mayor bienestar y tranquilidad.<\/p>\n<p><em><a href=\"mailto:montanezaguilar@gmail.com\" target=\"_blank\">montanezaguilar@gmail.com<\/a><\/em><\/p>\n","protected":false},"excerpt":{"rendered":"<p><span style=\"color: #005497;\">Jos\u00e9 Luis Monta\u00f1ez Aguilar<\/span><br \/>\n<br \/>\nDel primer trimestre de 2015 al primer trimestre de 2016, la tasa de informalidad en el Estado de M\u00e9xico disminuy\u00f3 2.2 puntos porcentuales, lo que implica que 129 mil 707 trabajadores mexiquenses pasaron al sector formal de la econom\u00eda y ahora se encuentran protegidos por alg\u00fan sistema de seguridad social, inform\u00f3 el secretario del Trabajo, Javier Garc\u00eda Bejos.<\/p>\n","protected":false},"author":3,"featured_media":273034,"comment_status":"open","ping_status":"open","sticky":false,"template":"","format":"standard","meta":{"_monsterinsights_skip_tracking":false,"_monsterinsights_sitenote_active":false,"_monsterinsights_sitenote_note":"","_monsterinsights_sitenote_category":0,"footnotes":""},"categories":[5],"tags":[13284,43704,43674],"class_list":["post-272984","post","type-post","status-publish","format-standard","has-post-thumbnail","hentry","category-estado-de-mexico","tag-arco-norte","tag-jose-luis-montanez-aguilar","tag-opinion"],"_links":{"self":[{"href":"https:\/\/www.diarioimagen.net\/index.php?rest_route=\/wp\/v2\/posts\/272984","targetHints":{"allow":["GET"]}}],"collection":[{"href":"https:\/\/www.diarioimagen.net\/index.php?rest_route=\/wp\/v2\/posts"}],"about":[{"href":"https:\/\/www.diarioimagen.net\/index.php?rest_route=\/wp\/v2\/types\/post"}],"author":[{"embeddable":true,"href":"https:\/\/www.diarioimagen.net\/index.php?rest_route=\/wp\/v2\/users\/3"}],"replies":[{"embeddable":true,"href":"https:\/\/www.diarioimagen.net\/index.php?rest_route=%2Fwp%2Fv2%2Fcomments&post=272984"}],"version-history":[{"count":0,"href":"https:\/\/www.diarioimagen.net\/index.php?rest_route=\/wp\/v2\/posts\/272984\/revisions"}],"wp:featuredmedia":[{"embeddable":true,"href":"https:\/\/www.diarioimagen.net\/index.php?rest_route=\/wp\/v2\/media\/273034"}],"wp:attachment":[{"href":"https:\/\/www.diarioimagen.net\/index.php?rest_route=%2Fwp%2Fv2%2Fmedia&parent=272984"}],"wp:term":[{"taxonomy":"category","embeddable":true,"href":"https:\/\/www.diarioimagen.net\/index.php?rest_route=%2Fwp%2Fv2%2Fcategories&post=272984"},{"taxonomy":"post_tag","embeddable":true,"href":"https:\/\/www.diarioimagen.net\/index.php?rest_route=%2Fwp%2Fv2%2Ftags&post=272984"}],"curies":[{"name":"wp","href":"https:\/\/api.w.org\/{rel}","templated":true}]}}