{"id":272991,"date":"2016-06-07T00:07:56","date_gmt":"2016-06-07T05:07:56","guid":{"rendered":"http:\/\/www.diarioimagen.net\/?p=272991"},"modified":"2016-06-08T00:41:26","modified_gmt":"2016-06-08T05:41:26","slug":"epn-llama-a-dejar-atras-enconos-por-comicios","status":"publish","type":"post","link":"https:\/\/www.diarioimagen.net\/?p=272991","title":{"rendered":"EPN llama a dejar atr\u00e1s enconos por comicios"},"content":{"rendered":"<ul>\n<li><strong><em>\u201cEs tiempo del trabajo en unidad\u201d<\/em><\/strong><\/li>\n<\/ul>\n<p>&nbsp;<\/p>\n<div id=\"attachment_273042\" style=\"width: 430px\" class=\"wp-caption aligncenter\"><a href=\"http:\/\/www.diarioimagen.net\/?attachment_id=273042\" rel=\"attachment wp-att-273042\"><img loading=\"lazy\" decoding=\"async\" aria-describedby=\"caption-attachment-273042\" class=\"size-large wp-image-273042\" src=\"http:\/\/www.diarioimagen.net\/wp-content\/uploads\/2016\/06\/epn-2883-1-420x236.jpg\" alt=\"Enrique Pe\u00f1a Nieto subray\u00f3 que los gobernantes deben escuchar y atender el mensaje de la ciudadan\u00eda.\" width=\"420\" height=\"236\" srcset=\"https:\/\/www.diarioimagen.net\/wp-content\/uploads\/2016\/06\/epn-2883-1-420x236.jpg 420w, https:\/\/www.diarioimagen.net\/wp-content\/uploads\/2016\/06\/epn-2883-1-240x135.jpg 240w, https:\/\/www.diarioimagen.net\/wp-content\/uploads\/2016\/06\/epn-2883-1-480x270.jpg 480w, https:\/\/www.diarioimagen.net\/wp-content\/uploads\/2016\/06\/epn-2883-1-235x132.jpg 235w, https:\/\/www.diarioimagen.net\/wp-content\/uploads\/2016\/06\/epn-2883-1-202x114.jpg 202w, https:\/\/www.diarioimagen.net\/wp-content\/uploads\/2016\/06\/epn-2883-1-350x196.jpg 350w, https:\/\/www.diarioimagen.net\/wp-content\/uploads\/2016\/06\/epn-2883-1-220x123.jpg 220w, https:\/\/www.diarioimagen.net\/wp-content\/uploads\/2016\/06\/epn-2883-1-237x132.jpg 237w, https:\/\/www.diarioimagen.net\/wp-content\/uploads\/2016\/06\/epn-2883-1.jpg 700w\" sizes=\"auto, (max-width: 420px) 100vw, 420px\" \/><\/a><p id=\"caption-attachment-273042\" class=\"wp-caption-text\">Enrique Pe\u00f1a Nieto subray\u00f3 que los gobernantes deben escuchar y atender el mensaje de la ciudadan\u00eda.<\/p><\/div>\n<p>&nbsp;<\/p>\n<p>El presidente Enrique Pe\u00f1a Nieto llam\u00f3 a \u201cdejar atr\u00e1s la polarizaci\u00f3n, el encono y el enfrentamiento\u201d tras las altamente competidas elecciones vividas anteayer en 14 entidades, que destac\u00f3 se desarrollaron en orden, paz, tranquilidad y con libertad\u201d.<\/p>\n<p>\u201cConcluida la elecci\u00f3n es tiempo de dejar atr\u00e1s la polarizaci\u00f3n, el encono y el enfrentamiento, es tiempo del trabajo en unidad y en equipo a favor del pa\u00eds\u201d, dijo el primer mandatario durante la Reuni\u00f3n Nacional de Consejeros 2016, de BBVA Bancomer.<\/p>\n<p>Ahora su gobierno trabajar\u00e1 con las autoridades que resultaron electas, \u201ccon plena coordinaci\u00f3n institucional y sin distingo alguno. Quienes compiten en democracia saben que pueden ganar o perder\u201d.<\/p>\n<p>Acompa\u00f1ado por el titular de la Secretar\u00eda de Hacienda y Cr\u00e9dito P\u00fablico, Luis Videgaray Caso, y del gobernador del Banco de M\u00e9xico, Agust\u00edn Carstens, el mandatario subray\u00f3 que los gobernantes deben escuchar y atender el mensaje de la ciudadan\u00eda.<\/p>\n<p>\u201cSin duda, nuestra democracia es perfectible, pero nadie puede negar que hoy en M\u00e9xico son exclusivamente los ciudadanos quienes eligen a sus representantes. El voto cuenta y se cuenta bien\u201d, enfatiz\u00f3.<\/p>\n<p>El Ejecutivo federal mencion\u00f3 que mientras en algunos aspirantes hoy hay euforia, en otros hay tristeza y reflexi\u00f3n, pero que al final \u201clo importante es que ganan los mexicanos, es que gana M\u00e9xico\u201d.<\/p>\n<p>Durante el encuentro tambi\u00e9n expuso que la pluralidad, la competencia, y la alternancia \u201cson signos inequ\u00edvocos de la vitalidad de nuestra democracia\u201d.<\/p>\n<p style=\"text-align: center;\"><strong>M\u00e9xico va por buen camino<\/strong><\/p>\n<p>El presidente Enrique Pe\u00f1a Nieto afirm\u00f3 que los indicadores de empleo, consumo interno, inversiones y crecimiento reflejan mejor el estado de la econom\u00eda mexicana, \u201cuna econom\u00eda s\u00f3lida\u201d que demuestra que el pa\u00eds va por buen camino.<\/p>\n<p>Durante la clausura de la Reuni\u00f3n Nacional de Consejeros 2016 de BBVA Bancomer, asever\u00f3 adem\u00e1s que la estabilidad macroecon\u00f3mica y el desarrollo regional, as\u00ed como las reformas transformadoras en marcha, \u201cson una f\u00f3rmula potente para detonar el crecimiento de nuestra econom\u00eda\u201d, la cual est\u00e1 en ascenso.<\/p>\n<p>El sector financiero de M\u00e9xico tambi\u00e9n se fortalece a partir del entorno de estabilidad, de la creciente regionalizaci\u00f3n y del proceso transformador del pa\u00eds, que \u201cson logros notables de los mexicanos\u201d, argument\u00f3.<\/p>\n<p>Asimismo, el afianzamiento del consumo interno como \u201cun gran motor de la econom\u00eda\u201d, que en marzo creci\u00f3 4.7 por ciento anual, la mayor tasa para un mes similar en los \u00faltimos cuatro a\u00f1os, as\u00ed como la venta de veh\u00edculos al p\u00fablico, que en mayo creci\u00f3 a una tasa anual de 19 por ciento.<\/p>\n<p>Como tercer indicador, Pe\u00f1a Nieto se refiri\u00f3 a la confianza en M\u00e9xico y su proceso de transformaci\u00f3n, que se refleja en mayores inversiones.<\/p>\n<p>En este rubro cit\u00f3 la Inversi\u00f3n Extranjera Directa, que en los \u00faltimos tres a\u00f1os el pa\u00eds capt\u00f3 cerca de 110 mil millones de d\u00f3lares, 60 por ciento m\u00e1s que la registrada en el mismo periodo de la administraci\u00f3n anterior.<\/p>\n<p>Como \u00faltimo punto, el presidente Pe\u00f1a Nieto expuso que el crecimiento de la econom\u00eda est\u00e1 cercano a 2.5 por ciento \u201ca pesar de una coyuntura internacional francamente compleja\u201d; no obstante, reconoci\u00f3 que \u201ctodav\u00eda no alcanzamos los niveles de crecimiento y desarrollo econ\u00f3micos deseados\u201d.<\/p>\n<p>Ante los consejeros de la instituci\u00f3n financiera, subray\u00f3 que \u201cM\u00e9xico es un ejemplo de estabilidad macroecon\u00f3mica, que hemos construido en las dos \u00faltimas d\u00e9cadas\u201d, pues se cuenta con finanzas p\u00fablicas sanas, inflaci\u00f3n en m\u00ednimos hist\u00f3ricos y, en particular, un sistema bancario robusto.<\/p>\n<p>&nbsp;<\/p>\n","protected":false},"excerpt":{"rendered":"<p>El presidente Enrique Pe\u00f1a Nieto llam\u00f3 a \u201cdejar atr\u00e1s la polarizaci\u00f3n, el encono y el enfrentamiento\u201d tras las altamente competidas elecciones vividas anteayer en 14 entidades, que destac\u00f3 se desarrollaron en orden, paz, tranquilidad y con libertad\u201d.<\/p>\n","protected":false},"author":3,"featured_media":273042,"comment_status":"open","ping_status":"open","sticky":false,"template":"","format":"standard","meta":{"_monsterinsights_skip_tracking":false,"_monsterinsights_sitenote_active":false,"_monsterinsights_sitenote_note":"","_monsterinsights_sitenote_category":0,"footnotes":""},"categories":[3],"tags":[5550,798,1716,43673,9341],"class_list":["post-272991","post","type-post","status-publish","format-standard","has-post-thumbnail","hentry","category-nacional","tag-comicios","tag-elecciones","tag-epn","tag-nacional","tag-voto"],"_links":{"self":[{"href":"https:\/\/www.diarioimagen.net\/index.php?rest_route=\/wp\/v2\/posts\/272991","targetHints":{"allow":["GET"]}}],"collection":[{"href":"https:\/\/www.diarioimagen.net\/index.php?rest_route=\/wp\/v2\/posts"}],"about":[{"href":"https:\/\/www.diarioimagen.net\/index.php?rest_route=\/wp\/v2\/types\/post"}],"author":[{"embeddable":true,"href":"https:\/\/www.diarioimagen.net\/index.php?rest_route=\/wp\/v2\/users\/3"}],"replies":[{"embeddable":true,"href":"https:\/\/www.diarioimagen.net\/index.php?rest_route=%2Fwp%2Fv2%2Fcomments&post=272991"}],"version-history":[{"count":0,"href":"https:\/\/www.diarioimagen.net\/index.php?rest_route=\/wp\/v2\/posts\/272991\/revisions"}],"wp:featuredmedia":[{"embeddable":true,"href":"https:\/\/www.diarioimagen.net\/index.php?rest_route=\/wp\/v2\/media\/273042"}],"wp:attachment":[{"href":"https:\/\/www.diarioimagen.net\/index.php?rest_route=%2Fwp%2Fv2%2Fmedia&parent=272991"}],"wp:term":[{"taxonomy":"category","embeddable":true,"href":"https:\/\/www.diarioimagen.net\/index.php?rest_route=%2Fwp%2Fv2%2Fcategories&post=272991"},{"taxonomy":"post_tag","embeddable":true,"href":"https:\/\/www.diarioimagen.net\/index.php?rest_route=%2Fwp%2Fv2%2Ftags&post=272991"}],"curies":[{"name":"wp","href":"https:\/\/api.w.org\/{rel}","templated":true}]}}