{"id":273177,"date":"2016-06-07T23:30:22","date_gmt":"2016-06-08T04:30:22","guid":{"rendered":"http:\/\/www.diarioimagen.net\/?p=273177"},"modified":"2016-06-08T04:50:21","modified_gmt":"2016-06-08T09:50:21","slug":"su-exito-en-la-obra-reina-de-carnaval-la-lleva-al-cine","status":"publish","type":"post","link":"https:\/\/www.diarioimagen.net\/?p=273177","title":{"rendered":"Su \u00e9xito en la obra \u201cReina de carnaval\u201d la lleva al cine"},"content":{"rendered":"<ul>\n<li><em><strong>La talentosa actriz Mariana Acosta se presenta todos los s\u00e1bados de junio en el Foro de la Diversidad<\/strong><\/em><\/li>\n<\/ul>\n<p>&nbsp;<\/p>\n<div id=\"attachment_273178\" style=\"width: 430px\" class=\"wp-caption aligncenter\"><a href=\"http:\/\/www.diarioimagen.net\/?attachment_id=273178\" rel=\"attachment wp-att-273178\"><img loading=\"lazy\" decoding=\"async\" aria-describedby=\"caption-attachment-273178\" class=\"wp-image-273178\" src=\"http:\/\/www.diarioimagen.net\/wp-content\/uploads\/2016\/06\/mariana-acosta-pooortal-285x420.jpg\" alt=\"Tras concluir la temporada de \u201cReina de carnaval\u201d comenzar\u00e1 la serie \u201cOvejas negras\u201d, que aborda los temas de homosexualidad y de la amistad.\" width=\"420\" height=\"620\" srcset=\"https:\/\/www.diarioimagen.net\/wp-content\/uploads\/2016\/06\/mariana-acosta-pooortal-285x420.jpg 285w, https:\/\/www.diarioimagen.net\/wp-content\/uploads\/2016\/06\/mariana-acosta-pooortal-163x240.jpg 163w, https:\/\/www.diarioimagen.net\/wp-content\/uploads\/2016\/06\/mariana-acosta-pooortal.jpg 700w\" sizes=\"auto, (max-width: 420px) 100vw, 420px\" \/><\/a><p id=\"caption-attachment-273178\" class=\"wp-caption-text\">Tras concluir la temporada de \u201cReina de carnaval\u201d comenzar\u00e1 la serie \u201cOvejas negras\u201d, que aborda los temas de homosexualidad y de la amistad.<\/p><\/div>\n<p>&nbsp;<\/p>\n<p>Luego de hacer teatro musical en Cuernavaca, Morelos, algunos comerciales y un par de pel\u00edculas, la actriz Mariana Acosta vio cumplido uno de sus sue\u00f1os al protagonizar una obra de teatro, y lo hace en \u201cReina de carnaval\u201d, donde al lado de Sandra Ponce sostienen una \u00e1cida reflexi\u00f3n sobre el significado de la vida y la muerte.<\/p>\n<p>Ella es una reina de belleza que de pronto parece despertar en una funeraria, donde Eustolia, la due\u00f1a muestra su desgano y su idea de morir, en una parad\u00f3jica situaci\u00f3n, pues mientras ella desea salir de all\u00ed para recoger su corona, la otra quisiera tomar su lugar.<\/p>\n<p>El montaje es original de Edgar Mu\u00f1iz, bajo la direcci\u00f3n de Rafael Silguero, y se presenta todos los s\u00e1bados de junio en el Foro de la Diversidad, en la que es su tercera temporada consecutiva, pues han tenido gran \u00e9xito con \u00e9l.<\/p>\n<p>\u201cYo realmente llegu\u00e9 ah\u00ed por casualidad, asist\u00eda la direcci\u00f3n y un d\u00eda la actriz ya no lleg\u00f3, as\u00ed que levant\u00e9 la mano y ah\u00ed estoy, aprovechando esta oportunidad que es de un aprendizaje tremendo\u201d, confiesa la joven, quien en este trabajo depende s\u00f3lo de su calidad actoral para mantener la obra, al lado de la experiencia de Ponce.<\/p>\n<p>Esta es la primera gran oportunidad que tiene Acosta en la cartelera de la Ciudad de M\u00e9xico, a donde lleg\u00f3 hace unos tres o cuatro a\u00f1os, procedente de Cuernavaca, donde estudi\u00f3 en una escuela de musicales e incursion\u00f3 por primera vez en los escenarios cuando ten\u00eda unos 17 a\u00f1os.<\/p>\n<p>\u201cYo vine aqu\u00ed por un casting con Javier D\u00edaz Due\u00f1as, al final, el proyecto no se concret\u00f3, pero \u00e9l me invit\u00f3 a\u00a0hacer otros proyectos, entre ellos el del montaje \u201cHombre;\u00a0la mirada interior\u201d, un performance basado en \u201cEl loco\u201d, de Gibr\u00e1n Jahlil.<\/p>\n<p>Luego ha hecho otras cosas, sobre todo en publicidad, pero tambi\u00e9n un par de pel\u00edculas, la primera, que en principio se llamar\u00eda \u201cLa paloma y el cuervo\u201d, con Marta Hazas, actriz espa\u00f1ola, y los mexicanos Mauricio Ochmann y Ariadne D\u00edaz; la segunda \u201cSobre tus huellas\u201d, la \u00f3pera prima de Luis\u00a0Augusto Idu\u00f1ate, las cuales espera que se estrenen en lo que resta del a\u00f1o.<\/p>\n<p>Aunque Acosta ten\u00eda unos nueve a\u00f1os cuando supo que quer\u00eda ser artista, el camino no ha sido f\u00e1cil, porque \u201cte encuentras muchas trabas\u201d, dice, pues aunque ya ha logrado abrir algunas puertas, se sigue encontrando con una especie de c\u00edrculo vicioso, en el que si no tienes \u201cnombre\u201d no te dan la oportunidad, \u201cy entonces, c\u00f3mo te haces de un nombre\u201d.<\/p>\n<p>Por eso, asegura, su inter\u00e9s es incursionar en el teatro y series televisivas,\u00a0pues considera que es la forma en la que el p\u00fablico puede apreciar verdaderamente las capacidades histri\u00f3nicas de un actor, m\u00e1s all\u00e1 de su f\u00edsico.<\/p>\n<p>\u201cQue nos apoyemos generacionalmente, porque yo tengo muchos amigos cineastas que son muy talentosos y que batallan porque no se les da la oportunidad\u201d, refiere Acosta, quien tras concluir la temporada de \u201cReina de Carnaval\u201d comenzar\u00e1 la serie \u201cOvejas negras\u201d, que aborda los temas de homosexualidad, de la amistad, etc\u00e9tera; \u201ces un rollo juvenil con los problemas actuales\u201d, adelanta la actriz.<\/p>\n","protected":false},"excerpt":{"rendered":"<p>Luego de hacer teatro musical en Cuernavaca, Morelos, algunos comerciales y un par de pel\u00edculas, la actriz Mariana Acosta vio cumplido uno de sus sue\u00f1os al protagonizar una obra de teatro, y lo hace en \u201cReina de carnaval\u201d, donde al lado de Sandra Ponce sostienen una \u00e1cida reflexi\u00f3n sobre el significado de la vida y la muerte.<\/p>\n","protected":false},"author":5,"featured_media":273179,"comment_status":"open","ping_status":"open","sticky":false,"template":"","format":"standard","meta":{"_monsterinsights_skip_tracking":false,"_monsterinsights_sitenote_active":false,"_monsterinsights_sitenote_note":"","_monsterinsights_sitenote_category":0,"footnotes":""},"categories":[17,12],"tags":[43682,34637],"class_list":["post-273177","post","type-post","status-publish","format-standard","has-post-thumbnail","hentry","category-especiales","category-espectaculos","tag-espectaculos","tag-reina-de-carnaval"],"_links":{"self":[{"href":"https:\/\/www.diarioimagen.net\/index.php?rest_route=\/wp\/v2\/posts\/273177","targetHints":{"allow":["GET"]}}],"collection":[{"href":"https:\/\/www.diarioimagen.net\/index.php?rest_route=\/wp\/v2\/posts"}],"about":[{"href":"https:\/\/www.diarioimagen.net\/index.php?rest_route=\/wp\/v2\/types\/post"}],"author":[{"embeddable":true,"href":"https:\/\/www.diarioimagen.net\/index.php?rest_route=\/wp\/v2\/users\/5"}],"replies":[{"embeddable":true,"href":"https:\/\/www.diarioimagen.net\/index.php?rest_route=%2Fwp%2Fv2%2Fcomments&post=273177"}],"version-history":[{"count":0,"href":"https:\/\/www.diarioimagen.net\/index.php?rest_route=\/wp\/v2\/posts\/273177\/revisions"}],"wp:featuredmedia":[{"embeddable":true,"href":"https:\/\/www.diarioimagen.net\/index.php?rest_route=\/wp\/v2\/media\/273179"}],"wp:attachment":[{"href":"https:\/\/www.diarioimagen.net\/index.php?rest_route=%2Fwp%2Fv2%2Fmedia&parent=273177"}],"wp:term":[{"taxonomy":"category","embeddable":true,"href":"https:\/\/www.diarioimagen.net\/index.php?rest_route=%2Fwp%2Fv2%2Fcategories&post=273177"},{"taxonomy":"post_tag","embeddable":true,"href":"https:\/\/www.diarioimagen.net\/index.php?rest_route=%2Fwp%2Fv2%2Ftags&post=273177"}],"curies":[{"name":"wp","href":"https:\/\/api.w.org\/{rel}","templated":true}]}}