{"id":273218,"date":"2016-06-08T00:14:10","date_gmt":"2016-06-08T05:14:10","guid":{"rendered":"http:\/\/www.diarioimagen.net\/?p=273218"},"modified":"2016-06-08T03:38:40","modified_gmt":"2016-06-08T08:38:40","slug":"lordrollsroyce-pasa-segunda-noche-en-penal","status":"publish","type":"post","link":"https:\/\/www.diarioimagen.net\/?p=273218","title":{"rendered":"<em>#LordRollsRoyce<\/em> pasa segunda noche en penal"},"content":{"rendered":"<ul>\n<li><strong><em>Le dictan prisi\u00f3n preventiva<\/em><\/strong><\/li>\n<\/ul>\n<p>&nbsp;<\/p>\n<div id=\"attachment_273330\" style=\"width: 430px\" class=\"wp-caption aligncenter\"><a href=\"http:\/\/www.diarioimagen.net\/?attachment_id=273330\" rel=\"attachment wp-att-273330\"><img loading=\"lazy\" decoding=\"async\" aria-describedby=\"caption-attachment-273330\" class=\"size-large wp-image-273330\" src=\"http:\/\/www.diarioimagen.net\/wp-content\/uploads\/2016\/06\/lord-2884-420x236.jpg\" alt=\"El #LordRollsRoyce, Emir Montalvo Gardu\u00f1o, pas\u00f3 su primera noche en el penal de \u201cSantiaguito\u201d\" width=\"420\" height=\"236\" srcset=\"https:\/\/www.diarioimagen.net\/wp-content\/uploads\/2016\/06\/lord-2884-420x236.jpg 420w, https:\/\/www.diarioimagen.net\/wp-content\/uploads\/2016\/06\/lord-2884-240x135.jpg 240w, https:\/\/www.diarioimagen.net\/wp-content\/uploads\/2016\/06\/lord-2884-235x132.jpg 235w, https:\/\/www.diarioimagen.net\/wp-content\/uploads\/2016\/06\/lord-2884-202x114.jpg 202w, https:\/\/www.diarioimagen.net\/wp-content\/uploads\/2016\/06\/lord-2884-350x196.jpg 350w, https:\/\/www.diarioimagen.net\/wp-content\/uploads\/2016\/06\/lord-2884-220x123.jpg 220w, https:\/\/www.diarioimagen.net\/wp-content\/uploads\/2016\/06\/lord-2884-237x132.jpg 237w, https:\/\/www.diarioimagen.net\/wp-content\/uploads\/2016\/06\/lord-2884.jpg 480w\" sizes=\"auto, (max-width: 420px) 100vw, 420px\" \/><\/a><p id=\"caption-attachment-273330\" class=\"wp-caption-text\">El #LordRollsRoyce, Emir Montalvo Gardu\u00f1o, pas\u00f3 su primera noche en el penal de \u201cSantiaguito\u201d<\/p><\/div>\n<p>&nbsp;<\/p>\n<p>Un juez de control de distrito con sede en Toluca dict\u00f3 como medida cautelar prisi\u00f3n preventiva a Emir Montalvo Gardu\u00f1o, mejor conocido como <em>#LordRollsRoyce<\/em>, en una primera audiencia por el delito de lesiones en contra de un polic\u00eda federal, por lo que permanecer\u00e1 en el Centro de Reinserci\u00f3n Social de Santiaguito, en Almoloya de Ju\u00e1rez, hasta que venza el plazo constitucional para determinar si lo vinculan o no a proceso.<\/p>\n<p>Gardu\u00f1o Montalvo pas\u00f3 su segunda noche en el penal de \u201cSantiaguito\u201d, tras ser detenido el lunes cuando se present\u00f3 voluntariamente a declarar, y lo hizo amparado, s\u00f3lo que lo hizo por los delitos de da\u00f1o en los bienes y lesiones.<\/p>\n<p>Sin embargo, cuando sali\u00f3 del juzgado fue asegurado, ya que su abogado no lo ampar\u00f3 por portaci\u00f3n de armas de fuego.<\/p>\n<p>El hombre, cuyo castigo prometi\u00f3 el mismo gobernador del Estado de M\u00e9xico, Eruviel \u00c1vila Villegas, fue internado en el penal, sito en Almoloya de Ju\u00e1rez, precisamente por la agravante de usar armas de fuego.<\/p>\n<p>Se le abrieron por tres expedientes y en el transcurso del martes fue presentado ante el juez para que exprese lo que a su derecho convenga y comenzar\u00e1n a desahogarse las acusaciones que se le formularon.<\/p>\n<p>Antes de ingresar a \u201cSantiaguito\u201d, el sujeto culp\u00f3 a los medios de comunicaci\u00f3n de haberlo \u201cjuzgado y condenado ante la sociedad, pero confi\u00f3 en salir gracias al estado de Derecho, que me dar\u00e1 la oportunidad de acreditar todas las difamaciones que se han hecho en mi contra\u201d.<\/p>\n<p>Dijo que ha sido v\u00edctima de una serie de \u201cdifamaciones y vituperios\u201d, pero que conf\u00eda en la justicia mexiquense para demostrar su inocencia.<\/p>\n<p>Al respecto, el gobernador Eruviel \u00c1vila manifest\u00f3 su benepl\u00e1cito por la aprehensi\u00f3n y a trav\u00e9s de su cuenta de Twitter, @eruviel_avila, dijo: \u201cComo lo promet\u00ed @PGJEM_Oficial ejecut\u00f3 orden d aprehensi\u00f3n vs Emir Gardu\u00f1o #LordRollsRoyce. Buscaremos q pague ante juez las q debe\u201d.<\/p>\n<p>&nbsp;<\/p>\n","protected":false},"excerpt":{"rendered":"<p>Un juez de control de distrito con sede en Toluca dict\u00f3 como medida cautelar prisi\u00f3n preventiva a Emir Montalvo Gardu\u00f1o, mejor conocido como \u201cLord RollsRoyce\u201d, en una primera audiencia por el delito de lesiones en contra de un polic\u00eda federal, por lo que permanecer\u00e1 en el Centro de Reinserci\u00f3n Social de Santiaguito, en Almoloya de Ju\u00e1rez, hasta que venza el plazo constitucional para determinar si lo vinculan o no a proceso.<\/p>\n","protected":false},"author":3,"featured_media":273330,"comment_status":"open","ping_status":"open","sticky":false,"template":"","format":"standard","meta":{"_monsterinsights_skip_tracking":false,"_monsterinsights_sitenote_active":false,"_monsterinsights_sitenote_note":"","_monsterinsights_sitenote_category":0,"footnotes":""},"categories":[7],"tags":[43675,43677],"class_list":["post-273218","post","type-post","status-publish","format-standard","has-post-thumbnail","hentry","category-seguridad","tag-estado-de-mexico","tag-seguridad"],"_links":{"self":[{"href":"https:\/\/www.diarioimagen.net\/index.php?rest_route=\/wp\/v2\/posts\/273218","targetHints":{"allow":["GET"]}}],"collection":[{"href":"https:\/\/www.diarioimagen.net\/index.php?rest_route=\/wp\/v2\/posts"}],"about":[{"href":"https:\/\/www.diarioimagen.net\/index.php?rest_route=\/wp\/v2\/types\/post"}],"author":[{"embeddable":true,"href":"https:\/\/www.diarioimagen.net\/index.php?rest_route=\/wp\/v2\/users\/3"}],"replies":[{"embeddable":true,"href":"https:\/\/www.diarioimagen.net\/index.php?rest_route=%2Fwp%2Fv2%2Fcomments&post=273218"}],"version-history":[{"count":0,"href":"https:\/\/www.diarioimagen.net\/index.php?rest_route=\/wp\/v2\/posts\/273218\/revisions"}],"wp:featuredmedia":[{"embeddable":true,"href":"https:\/\/www.diarioimagen.net\/index.php?rest_route=\/wp\/v2\/media\/273330"}],"wp:attachment":[{"href":"https:\/\/www.diarioimagen.net\/index.php?rest_route=%2Fwp%2Fv2%2Fmedia&parent=273218"}],"wp:term":[{"taxonomy":"category","embeddable":true,"href":"https:\/\/www.diarioimagen.net\/index.php?rest_route=%2Fwp%2Fv2%2Fcategories&post=273218"},{"taxonomy":"post_tag","embeddable":true,"href":"https:\/\/www.diarioimagen.net\/index.php?rest_route=%2Fwp%2Fv2%2Ftags&post=273218"}],"curies":[{"name":"wp","href":"https:\/\/api.w.org\/{rel}","templated":true}]}}