{"id":273244,"date":"2016-06-08T00:04:14","date_gmt":"2016-06-08T05:04:14","guid":{"rendered":"http:\/\/www.diarioimagen.net\/?p=273244"},"modified":"2016-06-09T00:52:19","modified_gmt":"2016-06-09T05:52:19","slug":"mexico-y-cuba-se-promocionaran-como-multidestino","status":"publish","type":"post","link":"https:\/\/www.diarioimagen.net\/?p=273244","title":{"rendered":"M\u00e9xico y Cuba se promocionar\u00e1n como multidestino"},"content":{"rendered":"<ul>\n<li><strong><em>Relanzamiento de relaciones<\/em><\/strong><\/li>\n<\/ul>\n<p>&nbsp;<\/p>\n<div id=\"attachment_273281\" style=\"width: 430px\" class=\"wp-caption aligncenter\"><a href=\"http:\/\/www.diarioimagen.net\/?attachment_id=273281\" rel=\"attachment wp-att-273281\"><img loading=\"lazy\" decoding=\"async\" aria-describedby=\"caption-attachment-273281\" class=\"size-large wp-image-273281\" src=\"http:\/\/www.diarioimagen.net\/wp-content\/uploads\/2016\/06\/cuba-2884-420x236.jpg\" alt=\"El relanzamiento de las relaciones M\u00e9xico-Cuba ofrecen nuevas oportunidades de negocios en La Habana, afirma el titular de Turismo, Enrique de la Madrid.\" width=\"420\" height=\"236\" srcset=\"https:\/\/www.diarioimagen.net\/wp-content\/uploads\/2016\/06\/cuba-2884-420x236.jpg 420w, https:\/\/www.diarioimagen.net\/wp-content\/uploads\/2016\/06\/cuba-2884-240x135.jpg 240w, https:\/\/www.diarioimagen.net\/wp-content\/uploads\/2016\/06\/cuba-2884-235x132.jpg 235w, https:\/\/www.diarioimagen.net\/wp-content\/uploads\/2016\/06\/cuba-2884-202x114.jpg 202w, https:\/\/www.diarioimagen.net\/wp-content\/uploads\/2016\/06\/cuba-2884-350x196.jpg 350w, https:\/\/www.diarioimagen.net\/wp-content\/uploads\/2016\/06\/cuba-2884-220x123.jpg 220w, https:\/\/www.diarioimagen.net\/wp-content\/uploads\/2016\/06\/cuba-2884-237x132.jpg 237w, https:\/\/www.diarioimagen.net\/wp-content\/uploads\/2016\/06\/cuba-2884.jpg 480w\" sizes=\"auto, (max-width: 420px) 100vw, 420px\" \/><\/a><p id=\"caption-attachment-273281\" class=\"wp-caption-text\">El relanzamiento de las relaciones M\u00e9xico-Cuba ofrecen nuevas oportunidades de negocios en La Habana, afirma el titular de Turismo, Enrique de la Madrid.<\/p><\/div>\n<p>&nbsp;<\/p>\n<p>Con el relanzamiento de las relaciones M\u00e9xico-Cuba, y la nueva ley de inversi\u00f3n en la isla, se abre la oportunidad para que ambos pa\u00edses se conviertan en socios, asegur\u00f3 el secretario de Turismo, Enrique de la Madrid.<\/p>\n<p>En la apertura del Primer Foro de Negocios Tur\u00edsticos M\u00e9xico-Cuba, que se realiza en el Centro de Convenciones Yucat\u00e1n Siglo XXI de M\u00e9rida, el funcionario destac\u00f3 que existen tres \u00e1reas de oportunidad para los mexicanos.<\/p>\n<p>\u201cLa primera es poder hacer realidad un multidestino para atraer turistas norteamericanos, europeos, asi\u00e1ticos y que se puedan hacer paquetes para que, as\u00ed como se visita Cuba en el mismo viaje, se pueda visitar M\u00e9xico\u201d, se\u00f1al\u00f3.<\/p>\n<p>La siguiente \u00e1rea de oportunidad es que Cuba se convierta en un destino para la inversi\u00f3n mexicana, para lo cual se deber\u00e1 estudiar la nueva ley de inversi\u00f3n en dicha isla.<\/p>\n<p>\u201cEl tercer tema es que sea M\u00e9xico, en especial esta regi\u00f3n de la pen\u00ednsula y particularmente Yucat\u00e1n, las empresas puedan convertirse en proveedoras de la industria tur\u00edstica cubana\u201d, se\u00f1al\u00f3. Es por ello, dijo, que se ha creado el Foro de Negocios Tur\u00edsticos M\u00e9xico-Cuba, en el que autoridades y empresarios pueden tener un acercamiento con la industria tur\u00edstica cubana y as\u00ed conocer las facilidades que ofrece.<\/p>\n<p>\u201cPara nosotros, Cuba representa reto y oportunidad y en gran parte va a depender de los mexicanos, si Cuba se convierte en un competidor extraordinario o en un socio formidable\u201d, subray\u00f3.<\/p>\n<p>&nbsp;<\/p>\n","protected":false},"excerpt":{"rendered":"<p>Con el relanzamiento de las relaciones M\u00e9xico-Cuba, y la nueva ley de inversi\u00f3n en la isla, se abre la oportunidad para que ambos pa\u00edses se conviertan en socios, asegur\u00f3 el secretario de Turismo, Enrique de la Madrid.<\/p>\n","protected":false},"author":3,"featured_media":273281,"comment_status":"open","ping_status":"open","sticky":false,"template":"","format":"standard","meta":{"_monsterinsights_skip_tracking":false,"_monsterinsights_sitenote_active":false,"_monsterinsights_sitenote_note":"","_monsterinsights_sitenote_category":0,"footnotes":""},"categories":[11],"tags":[438,30667,44,43673,43681],"class_list":["post-273244","post","type-post","status-publish","format-standard","has-post-thumbnail","hentry","category-turismo","tag-cuba","tag-enrique-de-la-madrid-cordero","tag-mexico","tag-nacional","tag-turismo"],"_links":{"self":[{"href":"https:\/\/www.diarioimagen.net\/index.php?rest_route=\/wp\/v2\/posts\/273244","targetHints":{"allow":["GET"]}}],"collection":[{"href":"https:\/\/www.diarioimagen.net\/index.php?rest_route=\/wp\/v2\/posts"}],"about":[{"href":"https:\/\/www.diarioimagen.net\/index.php?rest_route=\/wp\/v2\/types\/post"}],"author":[{"embeddable":true,"href":"https:\/\/www.diarioimagen.net\/index.php?rest_route=\/wp\/v2\/users\/3"}],"replies":[{"embeddable":true,"href":"https:\/\/www.diarioimagen.net\/index.php?rest_route=%2Fwp%2Fv2%2Fcomments&post=273244"}],"version-history":[{"count":0,"href":"https:\/\/www.diarioimagen.net\/index.php?rest_route=\/wp\/v2\/posts\/273244\/revisions"}],"wp:featuredmedia":[{"embeddable":true,"href":"https:\/\/www.diarioimagen.net\/index.php?rest_route=\/wp\/v2\/media\/273281"}],"wp:attachment":[{"href":"https:\/\/www.diarioimagen.net\/index.php?rest_route=%2Fwp%2Fv2%2Fmedia&parent=273244"}],"wp:term":[{"taxonomy":"category","embeddable":true,"href":"https:\/\/www.diarioimagen.net\/index.php?rest_route=%2Fwp%2Fv2%2Fcategories&post=273244"},{"taxonomy":"post_tag","embeddable":true,"href":"https:\/\/www.diarioimagen.net\/index.php?rest_route=%2Fwp%2Fv2%2Ftags&post=273244"}],"curies":[{"name":"wp","href":"https:\/\/api.w.org\/{rel}","templated":true}]}}