{"id":273539,"date":"2016-06-09T00:06:17","date_gmt":"2016-06-09T05:06:17","guid":{"rendered":"http:\/\/www.diarioimagen.net\/?p=273539"},"modified":"2016-06-09T04:32:38","modified_gmt":"2016-06-09T09:32:38","slug":"oaxaca-donde-centran-mirada-los-priistas","status":"publish","type":"post","link":"https:\/\/www.diarioimagen.net\/?p=273539","title":{"rendered":"Oaxaca, donde centran mirada los pri\u00edstas"},"content":{"rendered":"<h2>Detr\u00e1s del Poder<\/h2>\n<h5>Jos\u00e9 Antonio L\u00f3pez Sosa<\/h5>\n<p>&nbsp;<\/p>\n<p>Luego de la elecci\u00f3n, salieron ya los activistas del Partido Revolucionario Institucional (PRI) que con el disfraz de periodistas, opinadores y acad\u00e9micos, han centrado su atenci\u00f3n en el caso de Oaxaca para potencializar una de las pocas victorias sustanciales que tuvo este partido en la elecci\u00f3n del domingo pasado.<\/p>\n<p>Si bien es cierto que Gabino Cu\u00e9 tuvo una administraci\u00f3n desastroza y ello form\u00f3 parte de las variables para que el PRI regresara al poder, no se trata de una elecci\u00f3n que se haya ganado por las propuestas, ni por la gesti\u00f3n p\u00fablica del PRI. Se les olvida a quienes no dejan de aplaudir en sus espacios p\u00fablicos al pri\u00edsmo de Oaxaca, que el \u00faltimo gobernador pri\u00edsta fue Ulises Ru\u00edz, que dej\u00f3 al estado literalmente desmantelado en todos sentidos.<\/p>\n<p>Hay expectativa por el cambio en Oaxaca, si nos atenemos al partido pol\u00edtico un cambio hacia atr\u00e1s, aunque algunos sectores oaxaque\u00f1os lo perciban hacia delante.<\/p>\n<p>Las tareas del gobernador electo ser\u00e1n muy complejas, cosa que no observan estos aplaudidores profesionales.<\/p>\n<p>Supongo que debe ser muy complicado, pensar en un tema que no raspe lo raspado, que no traiga a la mesa el tema de la derrota del PRI en entidades como Veracruz, Quintana Roo y Durango.<\/p>\n<p>Ser\u00e1 muy interesante leer y escuchar como estos activistas que est\u00e1n por doquier, le entrar\u00e1n al tema en estas entidades, por ahora de ello ni hablan.<\/p>\n<p><strong>EL MIEDO NO ANDA EN BURRO<\/strong><\/p>\n<p>Javier Duarte emiti\u00f3 un breve comunicado donde dice que es tiempo de unidad sin importar la filiaci\u00f3n partidista, donde habl\u00f3 tambi\u00e9n de las bondades de la alternancia, al mismo tiempo que el virtual gobernador electo Yunes, promete investigar a Duarte hasta las \u00faltimas consecuencias.<\/p>\n<p><em><a href=\"http:\/\/www.lopezsosa.com\" target=\"_blank\">www.lopezsosa.com<\/a><\/em><br \/>\n<em><a href=\"mailto:joseantonio@lopezsosa.com\" target=\"_blank\">joseantonio@lopezsosa.com<\/a><\/em><br \/>\n<em><a href=\"http:\/\/twitter.com\/joseantonio1977\" target=\"_blank\">@joseantonio1977<\/a><\/em><\/p>\n","protected":false},"excerpt":{"rendered":"<p><span style=\"color: #005497;\"><strong>Jos\u00e9 Antonio L\u00f3pez Sosa<\/strong><\/span><\/p>\n","protected":false},"author":3,"featured_media":0,"comment_status":"open","ping_status":"open","sticky":false,"template":"","format":"standard","meta":{"_monsterinsights_skip_tracking":false,"_monsterinsights_sitenote_active":false,"_monsterinsights_sitenote_note":"","_monsterinsights_sitenote_category":0,"footnotes":""},"categories":[637],"tags":[638,43690,43674],"class_list":["post-273539","post","type-post","status-publish","format-standard","hentry","category-jose-antonio-lopez-sosa","tag-detras-del-poder","tag-jose-antonio-lopez-sosa","tag-opinion"],"_links":{"self":[{"href":"https:\/\/www.diarioimagen.net\/index.php?rest_route=\/wp\/v2\/posts\/273539","targetHints":{"allow":["GET"]}}],"collection":[{"href":"https:\/\/www.diarioimagen.net\/index.php?rest_route=\/wp\/v2\/posts"}],"about":[{"href":"https:\/\/www.diarioimagen.net\/index.php?rest_route=\/wp\/v2\/types\/post"}],"author":[{"embeddable":true,"href":"https:\/\/www.diarioimagen.net\/index.php?rest_route=\/wp\/v2\/users\/3"}],"replies":[{"embeddable":true,"href":"https:\/\/www.diarioimagen.net\/index.php?rest_route=%2Fwp%2Fv2%2Fcomments&post=273539"}],"version-history":[{"count":0,"href":"https:\/\/www.diarioimagen.net\/index.php?rest_route=\/wp\/v2\/posts\/273539\/revisions"}],"wp:attachment":[{"href":"https:\/\/www.diarioimagen.net\/index.php?rest_route=%2Fwp%2Fv2%2Fmedia&parent=273539"}],"wp:term":[{"taxonomy":"category","embeddable":true,"href":"https:\/\/www.diarioimagen.net\/index.php?rest_route=%2Fwp%2Fv2%2Fcategories&post=273539"},{"taxonomy":"post_tag","embeddable":true,"href":"https:\/\/www.diarioimagen.net\/index.php?rest_route=%2Fwp%2Fv2%2Ftags&post=273539"}],"curies":[{"name":"wp","href":"https:\/\/api.w.org\/{rel}","templated":true}]}}