{"id":273551,"date":"2016-06-09T00:03:29","date_gmt":"2016-06-09T05:03:29","guid":{"rendered":"http:\/\/www.diarioimagen.net\/?p=273551"},"modified":"2016-06-09T04:37:35","modified_gmt":"2016-06-09T09:37:35","slug":"partidos-sin-identidad","status":"publish","type":"post","link":"https:\/\/www.diarioimagen.net\/?p=273551","title":{"rendered":"Partidos sin identidad"},"content":{"rendered":"<h2>Desde el portal<\/h2>\n<h5>\u00c1ngel Soriano<\/h5>\n<p>&nbsp;<\/p>\n<p>El sonorense Manlio Fabio Beltrones defini\u00f3 as\u00ed los resultados electorales del domingo 5 de junio: El PRD ayud\u00f3 al PAN a ganar con candidatos del PRI.<\/p>\n<p>Y el tabasque\u00f1o Andr\u00e9s Manuel L\u00f3pez Obrador define al PAN y al PRD como sat\u00e9lites del PRI, en tanto que el senador capitalino Mario Delgado considera que el triunfador de las elecciones del domingo pasado es el sistema pol\u00edtico mexicano, sostenido ahora por los tres partidos mencionados.<\/p>\n<p>Los ciudadanos, como siempre, estuvieron ausentes de las urnas. \u00bfO alguien cree que en la CDMX los electores tuvieron en mente al bombero Ismael Figueroa y le otorgaron su voto para ir a la Constituyente?<\/p>\n<p>Los partidos son, en opini\u00f3n de Mario Delgado, c\u00f3mplices del sistema pol\u00edtico mexicano, en donde se da el reparto de prebendas, m\u00e1s all\u00e1 de los resultados electorales.<\/p>\n<p>Miguel \u00c1ngel Yunes Linares, el cuestionado ex pri\u00edsta desde sus relaciones de poder con la maestra Elba Esther Gordillo, siempre ha sido cuestionado por su enriquecimiento inexplicable por su paso en los cargos p\u00fablicos, y una vez que fue aliado del PAN y el PRD para ganar la gubernatura de Veracruz, se convierte en juez implacable de gobernantes corruptos.<\/p>\n<p>De esa manera, el PAN de Ricardo Anaya, que se alza en la victoria, dice: vamos de regreso a Los Pinos, y el oportunista ex presidente Vicente Fox, como siempre subi\u00e9ndose al autob\u00fas del ganador, dice: Margarita Zavala es la candidata. \u00bfY el gobernador Rafael Moreno Valle, acaso no cuentan sus aportaciones al PAN?<\/p>\n<p style=\"text-align: center;\"><strong>TURBULENCIAS<br \/>\nOportuno rev\u00e9s a Donald Trump<\/strong><\/p>\n<p>La reuni\u00f3n de los 50 c\u00f3nsules de M\u00e9xico en EU organizado por Carlos Manuel Sada Solana, nuestro embajador en Washington, result\u00f3 oportuna con la asistencia de la canciller Claudia Ruiz Massieu, que se entrevist\u00f3 con el presidente de la C\u00e1mara baja, el republicano Paul Ryan, quien ratific\u00f3 el nivel de amistad y colaboraci\u00f3n entre ambos pa\u00edses y se sum\u00f3 al rechazo al virtual candidato presidencial republicano, Donald Trump, por sus cr\u00edticas al juez de origen mexicano Gonzalo Curiel y su rechazo a que ocupe la Casa Blanca\u2026El derrotado candidato del PRD a la gubernatura de Chihuahua, el ex panista Jaime Beltr\u00e1n del R\u00edo, regres\u00f3 el martes a su cargo en la alcald\u00eda de Delicias y corri\u00f3 a una docena de empleados indignado por su derrota y para presuntamente colocar a los colaboradores que lo acompa\u00f1aron en la campa\u00f1a y quienes, como \u00e9l, renunciaron al PAN para apoyar sus aspiraciones.\u00a0Empleados del Sindicato de Trabajadores del municipio y otros tomaron el edificio municipal para exigir la renuncia de Beltr\u00e1n del R\u00edo y el regreso de su suplente, Rub\u00e9n Borunda Mata\u2026Una vez que cumpli\u00f3 su cometido como coordinador de activistas de la campa\u00f1a del candidato triunfante a la gubernatura, Alejandro Murat, impulsado por la coalici\u00f3n PRI-PVEM-PANAL, Javier Villaca\u00f1a Jim\u00e9nez retorn\u00f3 a sus actividades como alcalde de la ciudad de Oaxaca y ratific\u00f3 su respeto a la libertad de expresi\u00f3n en ocasi\u00f3n de conmemorarse el D\u00eda de la Libertad de Prensa el pasado 7 de junio\u2026Rafael Pacchiano Alam\u00e1n, titular de la Semarnat va a fondo en el combate a la contaminaci\u00f3n ambiental en el Valle de M\u00e9xico y sum\u00f3 a seis gobernadores del centro del pa\u00eds a los cambios en la norma de verificaci\u00f3n vehicular que incluir\u00e1 a veh\u00edculos con placas federales que, en realidad, son la fuente contaminante. El tema es ya federal y no s\u00f3lo de la CDMX de Miguel \u00c1ngel Mancera\u2026<\/p>\n<p><em><a href=\"http:\/\/www.revista-brecha.com\/\" target=\"_blank\">www.revista-brecha.com<br \/>\n<\/a><a href=\"mailto:asorianodesdelportalo@hotmail.com\" target=\"_blank\">asorianodesdelportalo@hotmail.com<\/a><\/em><\/p>\n","protected":false},"excerpt":{"rendered":"<p><span style=\"color: #005497;\"><strong>\u00c1ngel Soriano<\/strong><\/span><\/p>\n","protected":false},"author":3,"featured_media":0,"comment_status":"open","ping_status":"open","sticky":false,"template":"","format":"standard","meta":{"_monsterinsights_skip_tracking":false,"_monsterinsights_sitenote_active":false,"_monsterinsights_sitenote_note":"","_monsterinsights_sitenote_category":0,"footnotes":""},"categories":[135],"tags":[85,86,43674],"class_list":["post-273551","post","type-post","status-publish","format-standard","hentry","category-angel-soriano-opinion","tag-angel-soriano","tag-desde-el-portal","tag-opinion"],"_links":{"self":[{"href":"https:\/\/www.diarioimagen.net\/index.php?rest_route=\/wp\/v2\/posts\/273551","targetHints":{"allow":["GET"]}}],"collection":[{"href":"https:\/\/www.diarioimagen.net\/index.php?rest_route=\/wp\/v2\/posts"}],"about":[{"href":"https:\/\/www.diarioimagen.net\/index.php?rest_route=\/wp\/v2\/types\/post"}],"author":[{"embeddable":true,"href":"https:\/\/www.diarioimagen.net\/index.php?rest_route=\/wp\/v2\/users\/3"}],"replies":[{"embeddable":true,"href":"https:\/\/www.diarioimagen.net\/index.php?rest_route=%2Fwp%2Fv2%2Fcomments&post=273551"}],"version-history":[{"count":0,"href":"https:\/\/www.diarioimagen.net\/index.php?rest_route=\/wp\/v2\/posts\/273551\/revisions"}],"wp:attachment":[{"href":"https:\/\/www.diarioimagen.net\/index.php?rest_route=%2Fwp%2Fv2%2Fmedia&parent=273551"}],"wp:term":[{"taxonomy":"category","embeddable":true,"href":"https:\/\/www.diarioimagen.net\/index.php?rest_route=%2Fwp%2Fv2%2Fcategories&post=273551"},{"taxonomy":"post_tag","embeddable":true,"href":"https:\/\/www.diarioimagen.net\/index.php?rest_route=%2Fwp%2Fv2%2Ftags&post=273551"}],"curies":[{"name":"wp","href":"https:\/\/api.w.org\/{rel}","templated":true}]}}