{"id":273556,"date":"2016-06-09T00:01:41","date_gmt":"2016-06-09T05:01:41","guid":{"rendered":"http:\/\/www.diarioimagen.net\/?p=273556"},"modified":"2016-06-09T04:40:26","modified_gmt":"2016-06-09T09:40:26","slug":"claman-ayuda-en-iztapalapa","status":"publish","type":"post","link":"https:\/\/www.diarioimagen.net\/?p=273556","title":{"rendered":"Claman ayuda en Iztapalapa"},"content":{"rendered":"<h2>Folclor urbano<\/h2>\n<h5>Salvador Estrada<\/h5>\n<p>&nbsp;<\/p>\n<p>Iztapalapa es la delegaci\u00f3n de los contrastes. Sus habitantes, en algunas zonas, viven con temor. Las bandas de malosos que atracan en las noches los tiene con \u201cel Jes\u00fas en la boca\u201d. Y para su protecci\u00f3n tienen\u00a0 a \u201cLos \u00c1ngeles Azules\u201d, el gran conjunto musical, y cada a\u00f1o Jesucristo camina en sus calles, al representar la pasi\u00f3n del M\u00e1rtir del Calvario.\u00a0Pero lo parad\u00f3jico de Iztapalapa es su escasez de agua y sin embargo, cada a\u00f1o, en \u00e9poca de lluvias, \u00a1se inundan las casas!<\/p>\n<p>En este a\u00f1o, 500 fueron las viviendas que se inundaron y\u00a0sus moradores quedaron compungidos por las p\u00e9rdidas de sus enseres y tron\u00e1ndose los dedos o elevando plegarias, esperan la ayuda de las autoridades para salir adelante, otra vez, como cada a\u00f1o, seg\u00fan dicen.<\/p>\n<p>Los vecinos gastaron una buena lana en comprar refrigeradores, teles, computadores, hornos de microondas, colchones, salas, por las aguas negras que inundaron sus casas y todo lo perdieron. Y ahora, compungidos claman una justa retribuci\u00f3n.<\/p>\n<p>\u201cNo evaluaron correctamente los da\u00f1os, dicen los damnificados y nos quieren dar una bicoca. Tanto trabajo y sacrificio que nos cost\u00f3 hacernos de nuestras cosas y por las fuertes aguas\u00a0lo perdimos\u00a0todo\u201d.<\/p>\n<p>De 5 a 8 mil pesos les est\u00e1n entregando a los afectados, quienes se\u00f1alan\u00a0que no recompensa sus p\u00e9rdidas. Reclaman que las autoridades de la delegaci\u00f3n hagan un nuevo aval\u00fao y\u00a0les dan un mejor apoyo econ\u00f3mico.<\/p>\n<p>Y ante esa demanda, la delegaci\u00f3n, a trav\u00e9s de la Oficial\u00eda Mayor, est\u00e1 enviando personal para revisar las viviendas afectadas y reconsiderar el monto de la ayuda, a fin de que sea m\u00e1s justo y evitar as\u00ed que los damnificados hagan marchas\u00a0y bloqueen\u00a0 la calzada Ermita-Iztapalapa.<\/p>\n<p>Para evitar que en \u00e9poca de lluvias las casas se vuelvan a\u00a0inundar, la delegada Dione\u00a0Anguiano tiene que tomar decisiones y\u00a0organizar acciones preventivas, como desazolve de coladeras y llevar a cabo una campa\u00f1a para \u201cponer la basura en su lugar\u201d,\u00a0a\u00a0fin de que los colonos no la tiren en la calle porque se tapan las alcantarillas.<\/p>\n<p>Si estas medidas no son las adecuadas, las lluvias volver\u00e1n a causar estragos y ser\u00e1 el cuento de nunca acabar que, como dicen los vecinos, cada a\u00f1o es lo mismo. Y do\u00f1a Dione tendr\u00e1 que invertir un dineral para mejorar el sistema del desag\u00fce.<\/p>\n<p>Y si la naturaleza se \u201caloca\u201d, como suele pasar, una tormenta en Semana Santa no la\u00a0 resistir\u00eda Iztapalapa y la representaci\u00f3n de la Pasi\u00f3n de Cristo se tendr\u00eda que suspender, aunque por los evangelios sabemos que Cristo\u00a0puede caminar sobre el agua, en Iztapalapa no se dar\u00eda el milagro.<\/p>\n<p><em><a href=\"mailto:chavasec@yahoo.com.mx\" target=\"_blank\">chavasec@yahoo.com.mx<\/a><\/em><\/p>\n","protected":false},"excerpt":{"rendered":"<p><span style=\"color: #005497;\"><strong>Salvador Estrada<\/strong><\/span><\/p>\n","protected":false},"author":3,"featured_media":0,"comment_status":"open","ping_status":"open","sticky":false,"template":"","format":"standard","meta":{"_monsterinsights_skip_tracking":false,"_monsterinsights_sitenote_active":false,"_monsterinsights_sitenote_note":"","_monsterinsights_sitenote_category":0,"footnotes":""},"categories":[41601],"tags":[41599,43674,41600],"class_list":["post-273556","post","type-post","status-publish","format-standard","hentry","category-salvador-estrada-opinion","tag-folclor-urbano","tag-opinion","tag-salvador-estrada"],"_links":{"self":[{"href":"https:\/\/www.diarioimagen.net\/index.php?rest_route=\/wp\/v2\/posts\/273556","targetHints":{"allow":["GET"]}}],"collection":[{"href":"https:\/\/www.diarioimagen.net\/index.php?rest_route=\/wp\/v2\/posts"}],"about":[{"href":"https:\/\/www.diarioimagen.net\/index.php?rest_route=\/wp\/v2\/types\/post"}],"author":[{"embeddable":true,"href":"https:\/\/www.diarioimagen.net\/index.php?rest_route=\/wp\/v2\/users\/3"}],"replies":[{"embeddable":true,"href":"https:\/\/www.diarioimagen.net\/index.php?rest_route=%2Fwp%2Fv2%2Fcomments&post=273556"}],"version-history":[{"count":0,"href":"https:\/\/www.diarioimagen.net\/index.php?rest_route=\/wp\/v2\/posts\/273556\/revisions"}],"wp:attachment":[{"href":"https:\/\/www.diarioimagen.net\/index.php?rest_route=%2Fwp%2Fv2%2Fmedia&parent=273556"}],"wp:term":[{"taxonomy":"category","embeddable":true,"href":"https:\/\/www.diarioimagen.net\/index.php?rest_route=%2Fwp%2Fv2%2Fcategories&post=273556"},{"taxonomy":"post_tag","embeddable":true,"href":"https:\/\/www.diarioimagen.net\/index.php?rest_route=%2Fwp%2Fv2%2Ftags&post=273556"}],"curies":[{"name":"wp","href":"https:\/\/api.w.org\/{rel}","templated":true}]}}