{"id":273916,"date":"2016-06-13T00:06:23","date_gmt":"2016-06-13T05:06:23","guid":{"rendered":"http:\/\/www.diarioimagen.net\/?p=273916"},"modified":"2016-06-14T00:55:31","modified_gmt":"2016-06-14T05:55:31","slug":"banderazo-al-giro-ditalia-en-la-entidad","status":"publish","type":"post","link":"https:\/\/www.diarioimagen.net\/?p=273916","title":{"rendered":"Banderazo al Giro D\u2019Italia en la entidad"},"content":{"rendered":"<h2>Arco Norte<\/h2>\n<h5>Jos\u00e9 Luis Monta\u00f1ez Aguilar<\/h5>\n<p>&nbsp;<\/p>\n<p><a href=\"http:\/\/www.diarioimagen.net\/?attachment_id=274004\" rel=\"attachment wp-att-274004\"><img loading=\"lazy\" decoding=\"async\" class=\"aligncenter size-large wp-image-274004\" src=\"http:\/\/www.diarioimagen.net\/wp-content\/uploads\/2016\/06\/arco-2887-420x279.jpg\" alt=\"arco-2887\" width=\"420\" height=\"279\" srcset=\"https:\/\/www.diarioimagen.net\/wp-content\/uploads\/2016\/06\/arco-2887-420x279.jpg 420w, https:\/\/www.diarioimagen.net\/wp-content\/uploads\/2016\/06\/arco-2887-240x159.jpg 240w, https:\/\/www.diarioimagen.net\/wp-content\/uploads\/2016\/06\/arco-2887-768x510.jpg 768w, https:\/\/www.diarioimagen.net\/wp-content\/uploads\/2016\/06\/arco-2887.jpg 1200w\" sizes=\"auto, (max-width: 420px) 100vw, 420px\" \/><\/a><\/p>\n<p>&nbsp;<\/p>\n<p>Poco m\u00e1s de 5 kil\u00f3metros fueron los que pedale\u00f3 el gobernador Eruviel \u00c1vila Villegas, al dar el banderazo de salida a los m\u00e1s de mil 500 participantes extranjeros, nacionales y estatales en el Gran Fondo Giro D\u2019Italia, que por primera vez en sus 107 a\u00f1os de historia se realiz\u00f3 fuera del viejo continente. Desde muy temprano se dieron cita los ciclistas en el Centro Cultural Mexiquense, para que a las 7:30 en punto arrancara el que es uno de los circuitos m\u00e1s importantes del mundo.<\/p>\n<p>Eruviel \u00c1vila, acompa\u00f1ado de su hija Monserrat, fue el encargado de iniciar la cuenta regresiva y dar el banderazo de salida, para despu\u00e9s ponerse el casco y recorrer el circuito familiar.\u00a0 Al final de su recorrido, el gobernador visit\u00f3 el \u00e1rea en la que se realizaron actividades culturales gratuitas, donde presenci\u00f3 una clase para aprender el idioma italiano, y adem\u00e1s estuvo en la zona de gastronom\u00eda y de artesan\u00edas, donde convivi\u00f3 con los mexiquenses que se encontraban disfrutando desde muy temprano de estas actividades recreativas y familiares.<\/p>\n<p>En el Giro D\u2019Italia, sede Estado M\u00e9xico, se cont\u00f3 con las categor\u00edas de Medio-Fondo, recorriendo 105 kil\u00f3metros; Gran Fondo con 155 kil\u00f3metros, y el Paseo Gran Fondo, que consisti\u00f3 en una ruta sencilla en el Parque Alameda 2000. En el Gran Fondo pasaron por los municipios de Toluca, Zinacantepec, Temascaltepec, Amanalco y Valle de Bravo, con el cual alcanzaron una altura de 3 mil 600 metros sobre el nivel del mar, hecho in\u00e9dito, ya que en Europa lo m\u00e1ximo que han alcanzado son los 2 mil 800 metros sobre el nivel del mar.<\/p>\n<p><em><a href=\"mailto:montanezaguilar@gmail.com\" target=\"_blank\">montanezaguilar@gmail.com<\/a><\/em><\/p>\n","protected":false},"excerpt":{"rendered":"<p><span style=\"color: #005497;\">Jos\u00e9 Luis Monta\u00f1ez Aguilar<\/span><br \/>\n<br \/>\nPoco m\u00e1s de 5 kil\u00f3metros fueron los que pedale\u00f3 el gobernador Eruviel \u00c1vila Villegas, al dar el banderazo de salida a los m\u00e1s de mil 500 participantes extranjeros, nacionales y estatales en el Gran Fondo Giro D\u2019Italia, que por primera vez en sus 107 a\u00f1os de historia se realiz\u00f3 fuera del viejo continente. Desde muy temprano se dieron cita los ciclistas en el Centro Cultural Mexiquense, para que a las 7:30 en punto arrancara el que es uno de los circuitos m\u00e1s importantes del mundo.<\/p>\n","protected":false},"author":3,"featured_media":274005,"comment_status":"open","ping_status":"open","sticky":false,"template":"","format":"standard","meta":{"_monsterinsights_skip_tracking":false,"_monsterinsights_sitenote_active":false,"_monsterinsights_sitenote_note":"","_monsterinsights_sitenote_category":0,"footnotes":""},"categories":[5],"tags":[13284,43704],"class_list":["post-273916","post","type-post","status-publish","format-standard","has-post-thumbnail","hentry","category-estado-de-mexico","tag-arco-norte","tag-jose-luis-montanez-aguilar"],"_links":{"self":[{"href":"https:\/\/www.diarioimagen.net\/index.php?rest_route=\/wp\/v2\/posts\/273916","targetHints":{"allow":["GET"]}}],"collection":[{"href":"https:\/\/www.diarioimagen.net\/index.php?rest_route=\/wp\/v2\/posts"}],"about":[{"href":"https:\/\/www.diarioimagen.net\/index.php?rest_route=\/wp\/v2\/types\/post"}],"author":[{"embeddable":true,"href":"https:\/\/www.diarioimagen.net\/index.php?rest_route=\/wp\/v2\/users\/3"}],"replies":[{"embeddable":true,"href":"https:\/\/www.diarioimagen.net\/index.php?rest_route=%2Fwp%2Fv2%2Fcomments&post=273916"}],"version-history":[{"count":0,"href":"https:\/\/www.diarioimagen.net\/index.php?rest_route=\/wp\/v2\/posts\/273916\/revisions"}],"wp:featuredmedia":[{"embeddable":true,"href":"https:\/\/www.diarioimagen.net\/index.php?rest_route=\/wp\/v2\/media\/274005"}],"wp:attachment":[{"href":"https:\/\/www.diarioimagen.net\/index.php?rest_route=%2Fwp%2Fv2%2Fmedia&parent=273916"}],"wp:term":[{"taxonomy":"category","embeddable":true,"href":"https:\/\/www.diarioimagen.net\/index.php?rest_route=%2Fwp%2Fv2%2Fcategories&post=273916"},{"taxonomy":"post_tag","embeddable":true,"href":"https:\/\/www.diarioimagen.net\/index.php?rest_route=%2Fwp%2Fv2%2Ftags&post=273916"}],"curies":[{"name":"wp","href":"https:\/\/api.w.org\/{rel}","templated":true}]}}