{"id":273921,"date":"2016-06-13T00:09:21","date_gmt":"2016-06-13T05:09:21","guid":{"rendered":"http:\/\/www.diarioimagen.net\/?p=273921"},"modified":"2016-06-13T01:47:18","modified_gmt":"2016-06-13T06:47:18","slug":"combaten-en-el-estado-el-trabajo-infantil","status":"publish","type":"post","link":"https:\/\/www.diarioimagen.net\/?p=273921","title":{"rendered":"Combaten en el estado el trabajo infantil"},"content":{"rendered":"<ul>\n<li><strong><em>Quinto lugar con la menor tasa<\/em><\/strong><\/li>\n<\/ul>\n<p>&nbsp;<\/p>\n<p><a href=\"http:\/\/www.diarioimagen.net\/?attachment_id=274042\" rel=\"attachment wp-att-274042\"><img loading=\"lazy\" decoding=\"async\" class=\"aligncenter size-large wp-image-274042\" src=\"http:\/\/www.diarioimagen.net\/wp-content\/uploads\/2016\/06\/trabajo-infantil-2887-420x236.jpg\" alt=\"trabajo-infantil-2887\" width=\"420\" height=\"236\" srcset=\"https:\/\/www.diarioimagen.net\/wp-content\/uploads\/2016\/06\/trabajo-infantil-2887-420x236.jpg 420w, https:\/\/www.diarioimagen.net\/wp-content\/uploads\/2016\/06\/trabajo-infantil-2887-240x135.jpg 240w, https:\/\/www.diarioimagen.net\/wp-content\/uploads\/2016\/06\/trabajo-infantil-2887-235x132.jpg 235w, https:\/\/www.diarioimagen.net\/wp-content\/uploads\/2016\/06\/trabajo-infantil-2887-202x114.jpg 202w, https:\/\/www.diarioimagen.net\/wp-content\/uploads\/2016\/06\/trabajo-infantil-2887-350x196.jpg 350w, https:\/\/www.diarioimagen.net\/wp-content\/uploads\/2016\/06\/trabajo-infantil-2887-220x123.jpg 220w, https:\/\/www.diarioimagen.net\/wp-content\/uploads\/2016\/06\/trabajo-infantil-2887-237x132.jpg 237w, https:\/\/www.diarioimagen.net\/wp-content\/uploads\/2016\/06\/trabajo-infantil-2887.jpg 480w\" sizes=\"auto, (max-width: 420px) 100vw, 420px\" \/><\/a><\/p>\n<p>&nbsp;<\/p>\n<p><strong>Toluca, Estado de M\u00e9xico<\/strong>.- En el Estado de M\u00e9xico dejaron de trabajar m\u00e1s de 66 mil menores, al pasar de 291 mil 600 en el a\u00f1o 2011, a 225 mil 556 en 2014, lo que sit\u00faa a la entidad en quinto lugar con la menor tasa de ocupaci\u00f3n infantil, con 5.7 por ciento, inform\u00f3 el secretario del Trabajo, Javier Garc\u00eda Bejos.<\/p>\n<p>En el marco del D\u00eda Internacional Contra el Trabajo Infantil inform\u00f3 que est\u00e1n cifras son del INEGI, por lo que destac\u00f3 que entre las pol\u00edticas que han permitido avanzar en la lucha contra la erradicaci\u00f3n de este problema destacan: la creaci\u00f3n de la Comisi\u00f3n Interinstitucional para la Erradicaci\u00f3n del Trabajo Infantil del Estado de M\u00e9xico; la realizaci\u00f3n de inspecciones en Condiciones Generales de Trabajo; la difusi\u00f3n del distintivo \u201cMEXSTI\u201d (M\u00e9xico Sin Trabajo Infantil) en empresas, dependencias y organizaciones en territorio estatal, as\u00ed como la firma de convenios con c\u00e1maras empresariales para evitar que cuenten con menores en la actividad productiva.<\/p>\n<p>Indic\u00f3 que el a\u00f1o pasado, la Secretar\u00eda del Trabajo estatal recibi\u00f3 el Distintivo M\u00e9xico sin Trabajo Infantil \u201cMEXSTI\u201d, siendo la \u00fanica dependencia estatal con dicho galard\u00f3n, en reconocimiento a sus acciones de difusi\u00f3n y prevenci\u00f3n de este fen\u00f3meno que lastima a la sociedad.<\/p>\n","protected":false},"excerpt":{"rendered":"<p>En el Estado de M\u00e9xico dejaron de trabajar m\u00e1s de 66 mil menores, al pasar de 291 mil 600 en el a\u00f1o 2011, a 225 mil 556 en 2014, lo que sit\u00faa a la entidad en quinto lugar con la menor tasa de ocupaci\u00f3n infantil, con 5.7 por ciento, inform\u00f3 el secretario del Trabajo, Javier Garc\u00eda Bejos.<\/p>\n","protected":false},"author":3,"featured_media":274042,"comment_status":"open","ping_status":"open","sticky":false,"template":"","format":"standard","meta":{"_monsterinsights_skip_tracking":false,"_monsterinsights_sitenote_active":false,"_monsterinsights_sitenote_note":"","_monsterinsights_sitenote_category":0,"footnotes":""},"categories":[5],"tags":[43675,452,23715],"class_list":["post-273921","post","type-post","status-publish","format-standard","has-post-thumbnail","hentry","category-estado-de-mexico","tag-estado-de-mexico","tag-toluca","tag-trabajo-infantil"],"_links":{"self":[{"href":"https:\/\/www.diarioimagen.net\/index.php?rest_route=\/wp\/v2\/posts\/273921","targetHints":{"allow":["GET"]}}],"collection":[{"href":"https:\/\/www.diarioimagen.net\/index.php?rest_route=\/wp\/v2\/posts"}],"about":[{"href":"https:\/\/www.diarioimagen.net\/index.php?rest_route=\/wp\/v2\/types\/post"}],"author":[{"embeddable":true,"href":"https:\/\/www.diarioimagen.net\/index.php?rest_route=\/wp\/v2\/users\/3"}],"replies":[{"embeddable":true,"href":"https:\/\/www.diarioimagen.net\/index.php?rest_route=%2Fwp%2Fv2%2Fcomments&post=273921"}],"version-history":[{"count":0,"href":"https:\/\/www.diarioimagen.net\/index.php?rest_route=\/wp\/v2\/posts\/273921\/revisions"}],"wp:featuredmedia":[{"embeddable":true,"href":"https:\/\/www.diarioimagen.net\/index.php?rest_route=\/wp\/v2\/media\/274042"}],"wp:attachment":[{"href":"https:\/\/www.diarioimagen.net\/index.php?rest_route=%2Fwp%2Fv2%2Fmedia&parent=273921"}],"wp:term":[{"taxonomy":"category","embeddable":true,"href":"https:\/\/www.diarioimagen.net\/index.php?rest_route=%2Fwp%2Fv2%2Fcategories&post=273921"},{"taxonomy":"post_tag","embeddable":true,"href":"https:\/\/www.diarioimagen.net\/index.php?rest_route=%2Fwp%2Fv2%2Ftags&post=273921"}],"curies":[{"name":"wp","href":"https:\/\/api.w.org\/{rel}","templated":true}]}}