{"id":273923,"date":"2016-06-13T00:08:30","date_gmt":"2016-06-13T05:08:30","guid":{"rendered":"http:\/\/www.diarioimagen.net\/?p=273923"},"modified":"2016-06-13T01:45:18","modified_gmt":"2016-06-13T06:45:18","slug":"lanzan-campana-contra-zika-dengue-y-chikungunya-en-17-municipios","status":"publish","type":"post","link":"https:\/\/www.diarioimagen.net\/?p=273923","title":{"rendered":"Lanzan campa\u00f1a contra zika, dengue y chikungunya en 17 municipios"},"content":{"rendered":"<p><a href=\"http:\/\/www.diarioimagen.net\/?attachment_id=274038\" rel=\"attachment wp-att-274038\"><img loading=\"lazy\" decoding=\"async\" class=\"aligncenter size-large wp-image-274038\" src=\"http:\/\/www.diarioimagen.net\/wp-content\/uploads\/2016\/06\/salud-edomex-2887-420x236.jpg\" alt=\"salud-edomex-2887\" width=\"420\" height=\"236\" srcset=\"https:\/\/www.diarioimagen.net\/wp-content\/uploads\/2016\/06\/salud-edomex-2887-420x236.jpg 420w, https:\/\/www.diarioimagen.net\/wp-content\/uploads\/2016\/06\/salud-edomex-2887-240x135.jpg 240w, https:\/\/www.diarioimagen.net\/wp-content\/uploads\/2016\/06\/salud-edomex-2887-235x132.jpg 235w, https:\/\/www.diarioimagen.net\/wp-content\/uploads\/2016\/06\/salud-edomex-2887-202x114.jpg 202w, https:\/\/www.diarioimagen.net\/wp-content\/uploads\/2016\/06\/salud-edomex-2887-350x196.jpg 350w, https:\/\/www.diarioimagen.net\/wp-content\/uploads\/2016\/06\/salud-edomex-2887-220x123.jpg 220w, https:\/\/www.diarioimagen.net\/wp-content\/uploads\/2016\/06\/salud-edomex-2887-237x132.jpg 237w, https:\/\/www.diarioimagen.net\/wp-content\/uploads\/2016\/06\/salud-edomex-2887.jpg 480w\" sizes=\"auto, (max-width: 420px) 100vw, 420px\" \/><\/a><\/p>\n<p>&nbsp;<\/p>\n<p><strong>Toluca, Estado de M\u00e9xico.-<\/strong> Para evitar el contagio de zika, dengue o chikungunya entre la poblaci\u00f3n del Estado de M\u00e9xico, el gobernador Eruviel \u00c1vila Villegas inici\u00f3 una campa\u00f1a de prevenci\u00f3n en los 17 municipios que, por sus condiciones climatol\u00f3gicas y de existencia de cuerpos de agua, son propensos a la presencia del mosquito transmisor.<\/p>\n","protected":false},"excerpt":{"rendered":"<p>Para evitar el contagio de zika, dengue o chikungunya entre la poblaci\u00f3n del Estado de M\u00e9xico, el gobernador Eruviel \u00c1vila Villegas inici\u00f3 una campa\u00f1a de prevenci\u00f3n en los 17 municipios que, por sus condiciones climatol\u00f3gicas y de existencia de cuerpos de agua, son propensos a la presencia del mosquito transmisor.<\/p>\n","protected":false},"author":3,"featured_media":274038,"comment_status":"open","ping_status":"open","sticky":false,"template":"","format":"standard","meta":{"_monsterinsights_skip_tracking":false,"_monsterinsights_sitenote_active":false,"_monsterinsights_sitenote_note":"","_monsterinsights_sitenote_category":0,"footnotes":""},"categories":[35155],"tags":[42817,9766,43675,452,45624],"class_list":["post-273923","post","type-post","status-publish","format-standard","has-post-thumbnail","hentry","category-estado-de-mexico-estado-de-mexico","tag-chikungunya","tag-dengue","tag-estado-de-mexico","tag-toluca","tag-zika"],"_links":{"self":[{"href":"https:\/\/www.diarioimagen.net\/index.php?rest_route=\/wp\/v2\/posts\/273923","targetHints":{"allow":["GET"]}}],"collection":[{"href":"https:\/\/www.diarioimagen.net\/index.php?rest_route=\/wp\/v2\/posts"}],"about":[{"href":"https:\/\/www.diarioimagen.net\/index.php?rest_route=\/wp\/v2\/types\/post"}],"author":[{"embeddable":true,"href":"https:\/\/www.diarioimagen.net\/index.php?rest_route=\/wp\/v2\/users\/3"}],"replies":[{"embeddable":true,"href":"https:\/\/www.diarioimagen.net\/index.php?rest_route=%2Fwp%2Fv2%2Fcomments&post=273923"}],"version-history":[{"count":0,"href":"https:\/\/www.diarioimagen.net\/index.php?rest_route=\/wp\/v2\/posts\/273923\/revisions"}],"wp:featuredmedia":[{"embeddable":true,"href":"https:\/\/www.diarioimagen.net\/index.php?rest_route=\/wp\/v2\/media\/274038"}],"wp:attachment":[{"href":"https:\/\/www.diarioimagen.net\/index.php?rest_route=%2Fwp%2Fv2%2Fmedia&parent=273923"}],"wp:term":[{"taxonomy":"category","embeddable":true,"href":"https:\/\/www.diarioimagen.net\/index.php?rest_route=%2Fwp%2Fv2%2Fcategories&post=273923"},{"taxonomy":"post_tag","embeddable":true,"href":"https:\/\/www.diarioimagen.net\/index.php?rest_route=%2Fwp%2Fv2%2Ftags&post=273923"}],"curies":[{"name":"wp","href":"https:\/\/api.w.org\/{rel}","templated":true}]}}