{"id":273936,"date":"2016-06-13T00:04:40","date_gmt":"2016-06-13T05:04:40","guid":{"rendered":"http:\/\/www.diarioimagen.net\/?p=273936"},"modified":"2016-06-14T00:55:18","modified_gmt":"2016-06-14T05:55:18","slug":"estabilidad-economica-pese-a-entorno-complicado","status":"publish","type":"post","link":"https:\/\/www.diarioimagen.net\/?p=273936","title":{"rendered":"Estabilidad econ\u00f3mica, pese a entorno complicado"},"content":{"rendered":"<ul>\n<li><strong><em>Crecimiento se ubica entre 2.3 y 2.7% real anual<\/em><\/strong><\/li>\n<\/ul>\n<p>&nbsp;<\/p>\n<div id=\"attachment_274011\" style=\"width: 430px\" class=\"wp-caption aligncenter\"><a href=\"http:\/\/www.diarioimagen.net\/?attachment_id=274011\" rel=\"attachment wp-att-274011\"><img loading=\"lazy\" decoding=\"async\" aria-describedby=\"caption-attachment-274011\" class=\"size-large wp-image-274011\" src=\"http:\/\/www.diarioimagen.net\/wp-content\/uploads\/2016\/06\/videgaray-2887-420x236.jpg\" alt=\"El desempe\u00f1o de la econom\u00eda es reflejo de la apuesta que ha hecho M\u00e9xico por la estabilidad y por las reformas estructurales, afirma la Secretar\u00eda de Hacienda, a cargo de Luis Videgaray.\" width=\"420\" height=\"236\" srcset=\"https:\/\/www.diarioimagen.net\/wp-content\/uploads\/2016\/06\/videgaray-2887-420x236.jpg 420w, https:\/\/www.diarioimagen.net\/wp-content\/uploads\/2016\/06\/videgaray-2887-240x135.jpg 240w, https:\/\/www.diarioimagen.net\/wp-content\/uploads\/2016\/06\/videgaray-2887-235x132.jpg 235w, https:\/\/www.diarioimagen.net\/wp-content\/uploads\/2016\/06\/videgaray-2887-202x114.jpg 202w, https:\/\/www.diarioimagen.net\/wp-content\/uploads\/2016\/06\/videgaray-2887-350x196.jpg 350w, https:\/\/www.diarioimagen.net\/wp-content\/uploads\/2016\/06\/videgaray-2887-220x123.jpg 220w, https:\/\/www.diarioimagen.net\/wp-content\/uploads\/2016\/06\/videgaray-2887-237x132.jpg 237w, https:\/\/www.diarioimagen.net\/wp-content\/uploads\/2016\/06\/videgaray-2887.jpg 480w\" sizes=\"auto, (max-width: 420px) 100vw, 420px\" \/><\/a><p id=\"caption-attachment-274011\" class=\"wp-caption-text\">El desempe\u00f1o de la econom\u00eda es reflejo de la apuesta que ha hecho M\u00e9xico por la estabilidad y por las reformas estructurales, afirma la Secretar\u00eda de Hacienda, a cargo de Luis Videgaray.<\/p><\/div>\n<p>&nbsp;<\/p>\n<p>A pesar del entorno internacional complicado, la econom\u00eda mexicana contin\u00faa su crecimiento y lo hace de forma balanceada y a un ritmo superior al del a\u00f1o pasado y al mostrado por otras econom\u00edas, tanto emergentes como de primer mundo, destac\u00f3 la Secretar\u00eda de Hacienda y Cr\u00e9dito P\u00fablico (SHCP).<\/p>\n<p>Refiere que el crecimiento de los \u00faltimos siete trimestres se ubica entre 2.3 y 2.7 por ciento real anual, de acuerdo con datos del Instituto Nacional de Estad\u00edstica y Geograf\u00eda (INEGI).<\/p>\n<p>Si se excluye al sector petrolero, que representa 5.0 por ciento de la econom\u00eda, el Producto Interno Bruto (PIB) de M\u00e9xico reporta un crecimiento real por arriba de 3.0 por ciento en ese periodo.<\/p>\n<p>En el Informe Semanal de su Vocer\u00eda, la dependencia afirma que este desempe\u00f1o es reflejo de la apuesta que ha hecho M\u00e9xico por la estabilidad y por las reformas estructurales, las cuales se encuentran en marcha y dan apoyo a la econom\u00eda nacional.<\/p>\n<p>De acuerdo con datos de la Organizaci\u00f3n para la Cooperaci\u00f3n y el Desarrollo Econ\u00f3mico (OCDE), refiere, el indicador l\u00edder adelantado de M\u00e9xico contin\u00faa apuntando hacia la recuperaci\u00f3n econ\u00f3mica una vez que en abril hil\u00f3 tres meses consecutivos por arriba de los 100 puntos.<\/p>\n<p>La dependencia federal apunta que durante abril pasado dicho indicador se ubic\u00f3 en 100.1 puntos, arriba del promedio de los 34 pa\u00edses miembros de la organizaci\u00f3n, que se situ\u00f3 en 99.6 puntos.<\/p>\n<p>As\u00ed, a pesar del entorno externo complejo y vol\u00e1til, la econom\u00eda mexicana contin\u00faa su crecimiento, aunque este crecimiento enfrenta muchos riesgos (financieros, de mercado e, incluso, geopol\u00edticos).<\/p>\n<p>No obstante, la convicci\u00f3n del gobierno de la Rep\u00fablica es seguir apostando por la consistencia en la pol\u00edtica macroecon\u00f3mica, por la disciplina fiscal y por la responsabilidad y eficiencia del gasto p\u00fablico, subraya.<\/p>\n<p>Adem\u00e1s de seguir en el camino de implementar a plenitud y de manera r\u00e1pida las reformas estructurales, expuso la Secretar\u00eda de Hacienda.<\/p>\n<p>Comenta que en los primeros cinco meses de este a\u00f1o, el crecimiento que report\u00f3 la econom\u00eda mexicana se explica principalmente por el buen desempe\u00f1o del mercado interno, en particular del consumo y la inversi\u00f3n.<\/p>\n<p>La SHCP precisa que el buen desempe\u00f1o del consumo ha sido apoyado por el crecimiento de la masa salarial (las remuneraciones de los asalariados), debido al incremento del empleo formal, el aumento de los salarios reales y los bajos niveles de inflaci\u00f3n.<\/p>\n<p>En lo que va de la presente administraci\u00f3n se han creado cerca de 2.2 millones de empleos, mientras el salario contractual registra un crecimiento real de 1.6 por ciento en promedio en lo que va de 2016, el mayor desde 2001.<\/p>\n<p>Desde 2014 se ha observado un incremento sostenido en los salarios nominales de alrededor de 4.0 por ciento que, en un contexto de baja inflaci\u00f3n durante 2015 y 2016, se ha traducido en aumentos reales en los salarios contractuales.<\/p>\n<p>A su vez, durante los primeros cinco meses del a\u00f1o, la inflaci\u00f3n general anual se situ\u00f3 en niveles por debajo de 3.0 por ciento, en promedio en 2.64 por ciento, el menor para un lapso similar que se tenga registro.<\/p>\n<p>Por su parte, el consumo privado interior se elev\u00f3 cerca de 4.0 por ciento real anual en los primeros tres meses del a\u00f1o, lo que implic\u00f3 el mayor crecimiento anual para un periodo similar desde 2012.<\/p>\n<p>&nbsp;<\/p>\n","protected":false},"excerpt":{"rendered":"<p>A pesar del entorno internacional complicado, la econom\u00eda mexicana contin\u00faa su crecimiento y lo hace de forma balanceada y a un ritmo superior al del a\u00f1o pasado y al mostrado por otras econom\u00edas, tanto emergentes como de primer mundo, destac\u00f3 la Secretar\u00eda de Hacienda y Cr\u00e9dito P\u00fablico (SHCP).<\/p>\n","protected":false},"author":3,"featured_media":274011,"comment_status":"open","ping_status":"open","sticky":false,"template":"","format":"standard","meta":{"_monsterinsights_skip_tracking":false,"_monsterinsights_sitenote_active":false,"_monsterinsights_sitenote_note":"","_monsterinsights_sitenote_category":0,"footnotes":""},"categories":[8],"tags":[43678,1101,1102],"class_list":["post-273936","post","type-post","status-publish","format-standard","has-post-thumbnail","hentry","category-finanzas","tag-finanzas","tag-secretaria-de-hacienda-y-credito-publico","tag-shcp"],"_links":{"self":[{"href":"https:\/\/www.diarioimagen.net\/index.php?rest_route=\/wp\/v2\/posts\/273936","targetHints":{"allow":["GET"]}}],"collection":[{"href":"https:\/\/www.diarioimagen.net\/index.php?rest_route=\/wp\/v2\/posts"}],"about":[{"href":"https:\/\/www.diarioimagen.net\/index.php?rest_route=\/wp\/v2\/types\/post"}],"author":[{"embeddable":true,"href":"https:\/\/www.diarioimagen.net\/index.php?rest_route=\/wp\/v2\/users\/3"}],"replies":[{"embeddable":true,"href":"https:\/\/www.diarioimagen.net\/index.php?rest_route=%2Fwp%2Fv2%2Fcomments&post=273936"}],"version-history":[{"count":0,"href":"https:\/\/www.diarioimagen.net\/index.php?rest_route=\/wp\/v2\/posts\/273936\/revisions"}],"wp:featuredmedia":[{"embeddable":true,"href":"https:\/\/www.diarioimagen.net\/index.php?rest_route=\/wp\/v2\/media\/274011"}],"wp:attachment":[{"href":"https:\/\/www.diarioimagen.net\/index.php?rest_route=%2Fwp%2Fv2%2Fmedia&parent=273936"}],"wp:term":[{"taxonomy":"category","embeddable":true,"href":"https:\/\/www.diarioimagen.net\/index.php?rest_route=%2Fwp%2Fv2%2Fcategories&post=273936"},{"taxonomy":"post_tag","embeddable":true,"href":"https:\/\/www.diarioimagen.net\/index.php?rest_route=%2Fwp%2Fv2%2Ftags&post=273936"}],"curies":[{"name":"wp","href":"https:\/\/api.w.org\/{rel}","templated":true}]}}