{"id":273940,"date":"2016-06-13T00:05:29","date_gmt":"2016-06-13T05:05:29","guid":{"rendered":"http:\/\/www.diarioimagen.net\/?p=273940"},"modified":"2016-06-14T00:55:25","modified_gmt":"2016-06-14T05:55:25","slug":"basura-plastica-una-opcion-para-ganar-dinero","status":"publish","type":"post","link":"https:\/\/www.diarioimagen.net\/?p=273940","title":{"rendered":"Basura pl\u00e1stica, una opci\u00f3n para ganar dinero"},"content":{"rendered":"<ul>\n<li><strong><em>Plastianguis, en el monumento a la Revoluci\u00f3n<\/em><\/strong><\/li>\n<\/ul>\n<p>&nbsp;<\/p>\n<div id=\"attachment_274008\" style=\"width: 430px\" class=\"wp-caption aligncenter\"><a href=\"http:\/\/www.diarioimagen.net\/?attachment_id=274008\" rel=\"attachment wp-att-274008\"><img loading=\"lazy\" decoding=\"async\" aria-describedby=\"caption-attachment-274008\" class=\"size-large wp-image-274008\" src=\"http:\/\/www.diarioimagen.net\/wp-content\/uploads\/2016\/06\/PLASTIANGUIS-2887-420x236.jpg\" alt=\"Se llev\u00f3 a cabo el Plastianguis ANIQ-Cipr\u00e9s, en la explanada del monumento a la Revoluci\u00f3n.\" width=\"420\" height=\"236\" srcset=\"https:\/\/www.diarioimagen.net\/wp-content\/uploads\/2016\/06\/PLASTIANGUIS-2887-420x236.jpg 420w, https:\/\/www.diarioimagen.net\/wp-content\/uploads\/2016\/06\/PLASTIANGUIS-2887-240x135.jpg 240w, https:\/\/www.diarioimagen.net\/wp-content\/uploads\/2016\/06\/PLASTIANGUIS-2887-235x132.jpg 235w, https:\/\/www.diarioimagen.net\/wp-content\/uploads\/2016\/06\/PLASTIANGUIS-2887-202x114.jpg 202w, https:\/\/www.diarioimagen.net\/wp-content\/uploads\/2016\/06\/PLASTIANGUIS-2887-350x196.jpg 350w, https:\/\/www.diarioimagen.net\/wp-content\/uploads\/2016\/06\/PLASTIANGUIS-2887-220x123.jpg 220w, https:\/\/www.diarioimagen.net\/wp-content\/uploads\/2016\/06\/PLASTIANGUIS-2887-237x132.jpg 237w, https:\/\/www.diarioimagen.net\/wp-content\/uploads\/2016\/06\/PLASTIANGUIS-2887.jpg 480w\" sizes=\"auto, (max-width: 420px) 100vw, 420px\" \/><\/a><p id=\"caption-attachment-274008\" class=\"wp-caption-text\">Se llev\u00f3 a cabo el Plastianguis ANIQ-Cipr\u00e9s, en la explanada del monumento a la Revoluci\u00f3n.<\/p><\/div>\n<p>&nbsp;<\/p>\n<p>Con el reto de seguir generando consciencia sobre el manejo adecuado de las aproximadamente 170 mil toneladas de basura que se generan a la semana en la Ciudad de M\u00e9xico, ayer domingo se llev\u00f3 a cabo el Plastianguis ANIQ-Cipr\u00e9s.<\/p>\n<p>Al inaugurar este evento en la explanada del monumento a la Revoluci\u00f3n, el director de Medio Ambiente, Seguridad e Higiene de la Asociaci\u00f3n Nacional de la Industria Qu\u00edmica (ANIQ), Rub\u00e9n Mu\u00f1oz Garc\u00eda, destac\u00f3 los alcances de este evento.<\/p>\n<p>Luego de cortar el list\u00f3n para iniciar el acto, explic\u00f3 que tan solo el a\u00f1o pasado se logr\u00f3 la colecta de poco m\u00e1s de una tonelada de pl\u00e1stico, entre los diversos productos sint\u00e9ticos que conforman este residuo s\u00f3lido.<\/p>\n<p>Record\u00f3 que de los pol\u00edmeros y pl\u00e1sticos que predominan en el mercado, el que m\u00e1s se recolecta actualmente es el PET de las botellas de bebidas, del cual se acopiaron hasta 70 kilos en el Plastianguis anterior.<\/p>\n<p>Hoy en d\u00eda, dijo, el reto es seguir fomentando la cultura de la separaci\u00f3n de los residuos s\u00f3lidos ya que no hacerlo implica tirar dinero a la basura y de paso fomentar el da\u00f1o al medio ambiente con basura de larga duraci\u00f3n como es el pl\u00e1stico.<\/p>\n<p>En efecto, hoy s\u00f3lo se tiene conciencia de separar basura org\u00e1nica de la inorg\u00e1nica, pero con el tiempo el objetivo es ampliar esta consciencia para comprender que la basura pl\u00e1stica se debe separar hasta en seis grupos generales para lograr un adecuado aprovechamiento.<\/p>\n<p>En ese sentido el director de Gesti\u00f3n Ambiental de la delegaci\u00f3n Cuauht\u00e9moc, Javier Ariel Hidalgo Ponce, record\u00f3 que al iniciar su participaci\u00f3n en este programa de separaci\u00f3n de basura, la delegaci\u00f3n se encontraba en el \u00faltimo lugar.<\/p>\n<p>Por fortuna, el esfuerzo hecho a lo largo de los \u00faltimos meses ha ayudado a que la demarcaci\u00f3n se ubique en el lugar 10, y el objetivo es alcanzar los primeros lugares en materia de separaci\u00f3n y manejo de residuos s\u00f3lidos.<\/p>\n<p>El funcionario delegacional record\u00f3 que 20 por ciento de las emisiones que afectan a la Ciudad de M\u00e9xico y la Megal\u00f3polis provienen de los basureros y \u201ceso no hay que perderlo de vista\u201d ya que \u201ctirar basura implica adem\u00e1s tirar dinero\u201d.<\/p>\n<p>&nbsp;<\/p>\n","protected":false},"excerpt":{"rendered":"<p>Con el reto de seguir generando consciencia sobre el manejo adecuado de las aproximadamente 170 mil toneladas de basura que se generan a la semana en la Ciudad de M\u00e9xico, ayer domingo se llev\u00f3 a cabo el Plastianguis ANIQ-Cipr\u00e9s.<\/p>\n","protected":false},"author":3,"featured_media":274008,"comment_status":"open","ping_status":"open","sticky":false,"template":"","format":"standard","meta":{"_monsterinsights_skip_tracking":false,"_monsterinsights_sitenote_active":false,"_monsterinsights_sitenote_note":"","_monsterinsights_sitenote_category":0,"footnotes":""},"categories":[6],"tags":[18179,204],"class_list":["post-273940","post","type-post","status-publish","format-standard","has-post-thumbnail","hentry","category-cd-de-mexico","tag-basura","tag-ciudad-de-mexico"],"_links":{"self":[{"href":"https:\/\/www.diarioimagen.net\/index.php?rest_route=\/wp\/v2\/posts\/273940","targetHints":{"allow":["GET"]}}],"collection":[{"href":"https:\/\/www.diarioimagen.net\/index.php?rest_route=\/wp\/v2\/posts"}],"about":[{"href":"https:\/\/www.diarioimagen.net\/index.php?rest_route=\/wp\/v2\/types\/post"}],"author":[{"embeddable":true,"href":"https:\/\/www.diarioimagen.net\/index.php?rest_route=\/wp\/v2\/users\/3"}],"replies":[{"embeddable":true,"href":"https:\/\/www.diarioimagen.net\/index.php?rest_route=%2Fwp%2Fv2%2Fcomments&post=273940"}],"version-history":[{"count":0,"href":"https:\/\/www.diarioimagen.net\/index.php?rest_route=\/wp\/v2\/posts\/273940\/revisions"}],"wp:featuredmedia":[{"embeddable":true,"href":"https:\/\/www.diarioimagen.net\/index.php?rest_route=\/wp\/v2\/media\/274008"}],"wp:attachment":[{"href":"https:\/\/www.diarioimagen.net\/index.php?rest_route=%2Fwp%2Fv2%2Fmedia&parent=273940"}],"wp:term":[{"taxonomy":"category","embeddable":true,"href":"https:\/\/www.diarioimagen.net\/index.php?rest_route=%2Fwp%2Fv2%2Fcategories&post=273940"},{"taxonomy":"post_tag","embeddable":true,"href":"https:\/\/www.diarioimagen.net\/index.php?rest_route=%2Fwp%2Fv2%2Ftags&post=273940"}],"curies":[{"name":"wp","href":"https:\/\/api.w.org\/{rel}","templated":true}]}}