{"id":273958,"date":"2016-06-13T00:04:51","date_gmt":"2016-06-13T05:04:51","guid":{"rendered":"http:\/\/www.diarioimagen.net\/?p=273958"},"modified":"2016-06-13T01:53:31","modified_gmt":"2016-06-13T06:53:31","slug":"cumplen-sueno-a-ninos-con-cancer-en-atizapan","status":"publish","type":"post","link":"https:\/\/www.diarioimagen.net\/?p=273958","title":{"rendered":"Cumplen sue\u00f1o a ni\u00f1os con c\u00e1ncer en Atizap\u00e1n"},"content":{"rendered":"<ul>\n<li><strong><em>Bomberos por un d\u00eda<\/em><\/strong><\/li>\n<\/ul>\n<p>&nbsp;<\/p>\n<div id=\"attachment_274054\" style=\"width: 430px\" class=\"wp-caption aligncenter\"><a href=\"http:\/\/www.diarioimagen.net\/?attachment_id=274054\" rel=\"attachment wp-att-274054\"><img loading=\"lazy\" decoding=\"async\" aria-describedby=\"caption-attachment-274054\" class=\"size-large wp-image-274054\" src=\"http:\/\/www.diarioimagen.net\/wp-content\/uploads\/2016\/06\/ATIZAPAN-2887-420x236.jpg\" alt=\"El S\u00edndico Municipal Carlos Jes\u00fas Leyva Mora, en\u00a0 representaci\u00f3n de la presidenta municipal Ana Mar\u00eda Balderas Trejo entreg\u00f3 obsequios a los peque\u00f1os.\" width=\"420\" height=\"236\" srcset=\"https:\/\/www.diarioimagen.net\/wp-content\/uploads\/2016\/06\/ATIZAPAN-2887-420x236.jpg 420w, https:\/\/www.diarioimagen.net\/wp-content\/uploads\/2016\/06\/ATIZAPAN-2887-240x135.jpg 240w, https:\/\/www.diarioimagen.net\/wp-content\/uploads\/2016\/06\/ATIZAPAN-2887-235x132.jpg 235w, https:\/\/www.diarioimagen.net\/wp-content\/uploads\/2016\/06\/ATIZAPAN-2887-202x114.jpg 202w, https:\/\/www.diarioimagen.net\/wp-content\/uploads\/2016\/06\/ATIZAPAN-2887-350x196.jpg 350w, https:\/\/www.diarioimagen.net\/wp-content\/uploads\/2016\/06\/ATIZAPAN-2887-220x123.jpg 220w, https:\/\/www.diarioimagen.net\/wp-content\/uploads\/2016\/06\/ATIZAPAN-2887-237x132.jpg 237w, https:\/\/www.diarioimagen.net\/wp-content\/uploads\/2016\/06\/ATIZAPAN-2887.jpg 480w\" sizes=\"auto, (max-width: 420px) 100vw, 420px\" \/><\/a><p id=\"caption-attachment-274054\" class=\"wp-caption-text\">El S\u00edndico Municipal Carlos Jes\u00fas Leyva Mora, en\u00a0 representaci\u00f3n de la presidenta municipal Ana Mar\u00eda Balderas Trejo entreg\u00f3 obsequios a los peque\u00f1os.<\/p><\/div>\n<p>&nbsp;<\/p>\n<p><strong>Atizap\u00e1n, Estado de M\u00e9xico<\/strong>.-\u00a0 La administraci\u00f3n, encabezada\u00a0 por la alcaldesa Ana Mar\u00eda Balderas, se ha preocupado por las necesidades de los ciudadanos y por lo mismo en coordinaci\u00f3n con la Asociaci\u00f3n Civil \u201cCorazones Unidos\u201d, realizaron mediante las direcciones de Protecci\u00f3n Civil y Bomberos, adem\u00e1s de Seguridad P\u00fablica y Tr\u00e1nsito una jornada en la que peque\u00f1itos\u00a0 con enfermedad oncol\u00f3gica, pudieron ser Bomberos por un d\u00eda y formar parte del cuerpo honorario de polic\u00eda.<\/p>\n<p>En las instalaciones de Protecci\u00f3n Civil y Bomberos, los peque\u00f1os acompa\u00f1ados de sus padres y familiares e integrantes de la Administraci\u00f3n local, encabezados por el S\u00edndico Municipal Carlos Jes\u00fas Leyva Mora, en\u00a0 representaci\u00f3n de la presidenta municipal Ana Mar\u00eda Balderas Trejo recibieron obsequios por parte de los vulcanos, quienes tambi\u00e9n les ense\u00f1aron a descender por el tubo de emergencias y a controlar incendios.<\/p>\n<p>En su mensaje Carlos Leyva les dijo a los \u201cnuevos bomberitos\u201d que son un ejemplo para todos los atizapenses, porque ellos, \u201cson muy especiales para todos nosotros y nos da un enorme orgullo ser sus amigos\u201d. Asimismo, les transmiti\u00f3 el saludo de la alcaldesa, que por cuestiones de agenda no pudo acompa\u00f1ar a los peque\u00f1os y sus familias como lo hab\u00eda deseado, pero les indic\u00f3, que se trabaja de forma ardua d\u00eda a d\u00eda para lograr mejores condiciones de vida en este municipio.<\/p>\n<p>Posteriormente, se trasladaron a la explanada de Palacio Municipal en donde elementos de Seguridad P\u00fablica los esperaban, para recibirlos y en una ceremonia poder entregarles su nombramiento como \u201clos nuevos elementos de esta corporaci\u00f3n\u201d. Del mismo modo, recibieron de manos de los integrantes de la administraci\u00f3n sus respectivos nombramientos y disfrutaron de la presentaci\u00f3n del entrenamiento que reciben los perros polic\u00eda.<\/p>\n<p>Por su parte, el director de Protecci\u00f3n Civil y Bomberos, Carlos Manuel Rodr\u00edguez y el comisario de Seguridad P\u00fablica y Tr\u00e1nsito, coincidieron en expresar su admiraci\u00f3n por estos peque\u00f1itos que \u201cson unos guerreros que ya forman parte de las filas de la corporaci\u00f3n\u201d.<\/p>\n<p>&nbsp;<\/p>\n","protected":false},"excerpt":{"rendered":"<p>La administraci\u00f3n, encabezada  por la alcaldesa Ana Mar\u00eda Balderas, se ha preocupado por las necesidades de los ciudadanos y por lo mismo en coordinaci\u00f3n con la Asociaci\u00f3n Civil \u201cCorazones Unidos\u201d, realizaron mediante las direcciones de Protecci\u00f3n Civil y Bomberos, adem\u00e1s de Seguridad P\u00fablica y Tr\u00e1nsito una jornada en la que peque\u00f1itos  con enfermedad oncol\u00f3gica, pudieron ser Bomberos por un d\u00eda y formar parte del cuerpo honorario de polic\u00eda.<\/p>\n","protected":false},"author":3,"featured_media":274054,"comment_status":"open","ping_status":"open","sticky":false,"template":"","format":"standard","meta":{"_monsterinsights_skip_tracking":false,"_monsterinsights_sitenote_active":false,"_monsterinsights_sitenote_note":"","_monsterinsights_sitenote_category":0,"footnotes":""},"categories":[35155],"tags":[969,1466,43675,6187,7830],"class_list":["post-273958","post","type-post","status-publish","format-standard","has-post-thumbnail","hentry","category-estado-de-mexico-estado-de-mexico","tag-atizapan","tag-cancer","tag-estado-de-mexico","tag-ninos","tag-sueno"],"_links":{"self":[{"href":"https:\/\/www.diarioimagen.net\/index.php?rest_route=\/wp\/v2\/posts\/273958","targetHints":{"allow":["GET"]}}],"collection":[{"href":"https:\/\/www.diarioimagen.net\/index.php?rest_route=\/wp\/v2\/posts"}],"about":[{"href":"https:\/\/www.diarioimagen.net\/index.php?rest_route=\/wp\/v2\/types\/post"}],"author":[{"embeddable":true,"href":"https:\/\/www.diarioimagen.net\/index.php?rest_route=\/wp\/v2\/users\/3"}],"replies":[{"embeddable":true,"href":"https:\/\/www.diarioimagen.net\/index.php?rest_route=%2Fwp%2Fv2%2Fcomments&post=273958"}],"version-history":[{"count":0,"href":"https:\/\/www.diarioimagen.net\/index.php?rest_route=\/wp\/v2\/posts\/273958\/revisions"}],"wp:featuredmedia":[{"embeddable":true,"href":"https:\/\/www.diarioimagen.net\/index.php?rest_route=\/wp\/v2\/media\/274054"}],"wp:attachment":[{"href":"https:\/\/www.diarioimagen.net\/index.php?rest_route=%2Fwp%2Fv2%2Fmedia&parent=273958"}],"wp:term":[{"taxonomy":"category","embeddable":true,"href":"https:\/\/www.diarioimagen.net\/index.php?rest_route=%2Fwp%2Fv2%2Fcategories&post=273958"},{"taxonomy":"post_tag","embeddable":true,"href":"https:\/\/www.diarioimagen.net\/index.php?rest_route=%2Fwp%2Fv2%2Ftags&post=273958"}],"curies":[{"name":"wp","href":"https:\/\/api.w.org\/{rel}","templated":true}]}}