{"id":273963,"date":"2016-06-13T00:02:46","date_gmt":"2016-06-13T05:02:46","guid":{"rendered":"http:\/\/www.diarioimagen.net\/?p=273963"},"modified":"2016-06-13T01:55:27","modified_gmt":"2016-06-13T06:55:27","slug":"metepec-preserva-y-embellece-areas-de-esparcimiento-publico","status":"publish","type":"post","link":"https:\/\/www.diarioimagen.net\/?p=273963","title":{"rendered":"Metepec preserva y embellece \u00e1reas de esparcimiento p\u00fablico"},"content":{"rendered":"<ul>\n<li><strong><em>En temporada de lluvias<\/em><\/strong><\/li>\n<\/ul>\n<p>&nbsp;<\/p>\n<div id=\"attachment_274060\" style=\"width: 430px\" class=\"wp-caption aligncenter\"><a href=\"http:\/\/www.diarioimagen.net\/?attachment_id=274060\" rel=\"attachment wp-att-274060\"><img loading=\"lazy\" decoding=\"async\" aria-describedby=\"caption-attachment-274060\" class=\"size-large wp-image-274060\" src=\"http:\/\/www.diarioimagen.net\/wp-content\/uploads\/2016\/06\/METEPEC-2887-420x236.jpg\" alt=\"El gobierno de Metepec intensific\u00f3 las acciones de mantenimiento y embellecimiento de sus \u00e1reas verdes.\" width=\"420\" height=\"236\" srcset=\"https:\/\/www.diarioimagen.net\/wp-content\/uploads\/2016\/06\/METEPEC-2887-420x236.jpg 420w, https:\/\/www.diarioimagen.net\/wp-content\/uploads\/2016\/06\/METEPEC-2887-240x135.jpg 240w, https:\/\/www.diarioimagen.net\/wp-content\/uploads\/2016\/06\/METEPEC-2887-235x132.jpg 235w, https:\/\/www.diarioimagen.net\/wp-content\/uploads\/2016\/06\/METEPEC-2887-202x114.jpg 202w, https:\/\/www.diarioimagen.net\/wp-content\/uploads\/2016\/06\/METEPEC-2887-350x196.jpg 350w, https:\/\/www.diarioimagen.net\/wp-content\/uploads\/2016\/06\/METEPEC-2887-220x123.jpg 220w, https:\/\/www.diarioimagen.net\/wp-content\/uploads\/2016\/06\/METEPEC-2887-237x132.jpg 237w, https:\/\/www.diarioimagen.net\/wp-content\/uploads\/2016\/06\/METEPEC-2887.jpg 480w\" sizes=\"auto, (max-width: 420px) 100vw, 420px\" \/><\/a><p id=\"caption-attachment-274060\" class=\"wp-caption-text\">El gobierno de Metepec intensific\u00f3 las acciones de mantenimiento y embellecimiento de sus \u00e1reas verdes.<\/p><\/div>\n<p>&nbsp;<\/p>\n<p><strong>Metepec, Estado de M\u00e9xico<\/strong>.- Con el objetivo de preservar los espacios p\u00fablicos, sitios de recreaci\u00f3n y convivencia, concretamente las \u00e1reas verdes, el gobierno de Metepec intensific\u00f3 las acciones de mantenimiento y su embellecimiento.<\/p>\n<p>A trav\u00e9s de la Direcci\u00f3n de Servicios P\u00fablicos, se dispuso de cuatro brigadas de trabajadores que atienden 30 \u00e1reas de esparcimiento al aire libre entre parques y jardines, que significan un total de 428 mil 259 metros cuadrados de extensi\u00f3n.<\/p>\n<p>El titular de la dependencia, Jos\u00e9 Luis Garc\u00eda Bustos, manifest\u00f3 que las acciones ejecutadas de forma permanente, adem\u00e1s de dignificar los espacios de reuni\u00f3n, generan cohesi\u00f3n social y son elemento que inhibe actos delictivos.<\/p>\n<p>\u201cUn \u00e1rea limpia, libre de condiciones da\u00f1inas y con elementos que incentiven su atracci\u00f3n ya sea para la convivencia, la realizaci\u00f3n de actividad f\u00edsica o la pr\u00e1ctica de arte, ser\u00e1n siempre para este gobierno.<\/p>\n<p>&nbsp;<\/p>\n","protected":false},"excerpt":{"rendered":"<p>Con el objetivo de preservar los espacios p\u00fablicos, sitios de recreaci\u00f3n y convivencia, concretamente las \u00e1reas verdes, el gobierno de Metepec intensific\u00f3 las acciones de mantenimiento y su embellecimiento.<\/p>\n","protected":false},"author":3,"featured_media":274060,"comment_status":"open","ping_status":"open","sticky":false,"template":"","format":"standard","meta":{"_monsterinsights_skip_tracking":false,"_monsterinsights_sitenote_active":false,"_monsterinsights_sitenote_note":"","_monsterinsights_sitenote_category":0,"footnotes":""},"categories":[35155],"tags":[50628,43675,876],"class_list":["post-273963","post","type-post","status-publish","format-standard","has-post-thumbnail","hentry","category-estado-de-mexico-estado-de-mexico","tag-esparcimiento","tag-estado-de-mexico","tag-metepec"],"_links":{"self":[{"href":"https:\/\/www.diarioimagen.net\/index.php?rest_route=\/wp\/v2\/posts\/273963","targetHints":{"allow":["GET"]}}],"collection":[{"href":"https:\/\/www.diarioimagen.net\/index.php?rest_route=\/wp\/v2\/posts"}],"about":[{"href":"https:\/\/www.diarioimagen.net\/index.php?rest_route=\/wp\/v2\/types\/post"}],"author":[{"embeddable":true,"href":"https:\/\/www.diarioimagen.net\/index.php?rest_route=\/wp\/v2\/users\/3"}],"replies":[{"embeddable":true,"href":"https:\/\/www.diarioimagen.net\/index.php?rest_route=%2Fwp%2Fv2%2Fcomments&post=273963"}],"version-history":[{"count":0,"href":"https:\/\/www.diarioimagen.net\/index.php?rest_route=\/wp\/v2\/posts\/273963\/revisions"}],"wp:featuredmedia":[{"embeddable":true,"href":"https:\/\/www.diarioimagen.net\/index.php?rest_route=\/wp\/v2\/media\/274060"}],"wp:attachment":[{"href":"https:\/\/www.diarioimagen.net\/index.php?rest_route=%2Fwp%2Fv2%2Fmedia&parent=273963"}],"wp:term":[{"taxonomy":"category","embeddable":true,"href":"https:\/\/www.diarioimagen.net\/index.php?rest_route=%2Fwp%2Fv2%2Fcategories&post=273963"},{"taxonomy":"post_tag","embeddable":true,"href":"https:\/\/www.diarioimagen.net\/index.php?rest_route=%2Fwp%2Fv2%2Ftags&post=273963"}],"curies":[{"name":"wp","href":"https:\/\/api.w.org\/{rel}","templated":true}]}}