{"id":273990,"date":"2016-06-13T00:01:40","date_gmt":"2016-06-13T05:01:40","guid":{"rendered":"http:\/\/www.diarioimagen.net\/?p=273990"},"modified":"2016-06-13T01:03:22","modified_gmt":"2016-06-13T06:03:22","slug":"lucharan-contra-el-trabajo-infantil-en-el-sector-turistico","status":"publish","type":"post","link":"https:\/\/www.diarioimagen.net\/?p=273990","title":{"rendered":"Luchar\u00e1n contra el trabajo infantil en el sector tur\u00edstico"},"content":{"rendered":"<h2>\u201cHora 14\u201d<\/h2>\n<h5>Mauricio Conde Olivares<\/h5>\n<p>&nbsp;<\/p>\n<p>La explotaci\u00f3n sexual de los menores de edad es de por s\u00ed uno de los m\u00e1s graves problemas que enfrentamos los mexicanos y este c\u00e1ncer social se convierte en un bot\u00edn para el crimen organizado en los destinos tur\u00edsticos m\u00e1s importantes del pa\u00eds.<\/p>\n<p>Resulta que Playa del Carmen se convertir\u00e1 junto con otros seis lugares de M\u00e9xico como la punta de lanza de una estrategia nacional para combatir un lacerante problema nacional. que estar\u00e1 coordinada bajo un plan de acci\u00f3n denominado \u201cTurismo Libre de Trabajo Infantil\u201d que abarcar\u00e1 diez entidades federativas como Quintana Roo.<\/p>\n<p>Seg\u00fan la estrategia a cargo de la Secretar\u00eda de Turismo, se escogi\u00f3 Playa del Carmen con base en un Diagn\u00f3stico Nacional de la Sectur, elaborado en 2015, que as\u00ed lo plante\u00f3 como prioritaria por sus indicadores de trabajo infantil y su atractivo.<\/p>\n<p>Al conmemorarse el D\u00eda Mundial Contra el Trabajo Infantil, la Secretar\u00eda de Turismo convoc\u00f3 al sector del pa\u00eds para que se sume al plan de acci\u00f3n \u201cTurismo Libre de Trabajo Infantil\u201d.<\/p>\n<p>Con esta iniciativa la dependeencia busca abrir espacios de di\u00e1logo que permitan analizar y medir los avances de las acciones en contra del trabajo infantil, as\u00ed como el desarrollo de campa\u00f1as de sensibilizaci\u00f3n para involucrar activamente a los medios de comunicaci\u00f3n y a los turistas en coordinaci\u00f3n con comunidades.<\/p>\n<p>Al respecto, el titular de la Sectur, Enrique de la Madrid Cordero, subray\u00f3 que es fundamental la vinculaci\u00f3n del sector privado con los esfuerzos que se realizan desde el gobierno federal en el combate para la erradicaci\u00f3n del trabajo infantil.<\/p>\n<p>Las premisas b\u00e1sicas para la eliminaci\u00f3n del trabajo infantil consisten en identificar y atender a las familias afectadas y generar nuevas actitudes sociales que no reproduzcan la discriminaci\u00f3n, la exclusi\u00f3n, ni la inequidad de g\u00e9nero.<\/p>\n<p>El fortalecimiento de capacidades de instancias, y servidores p\u00fablicos y prestadores de servicios tur\u00edsticos y el desarrollo de programas de responsabilidad empresarial.<\/p>\n<p>En el campo del turismo, lo anterior significa promover los destinos no s\u00f3lo por su atractivo natural, su historia y sus tradiciones, sino por las acciones socialmente responsables emprendidas en favor de los derechos humanos.<\/p>\n<p>De igual modo, es fundamental que la responsabilidad trascienda la esfera privada de las familias ni\u00f1os y adolescentes ocupados o en riesgo de incorporarse al trabajo infantil y sea asumida por el sector de viajes y turismo junto con los tres \u00e1mbitos de gobierno.<\/p>\n<p>Es importante se\u00f1alar que desde 2014, la Sectur responde directamente al problema que enfrentan ni\u00f1os y adolescentes ocupados en el sector tur\u00edstico. De acuerdo con el diagn\u00f3stico nacional elaborado por la Secretar\u00eda de Turismo federal, las consecuencias del trabajo infantil no se quedan en el \u00e1mbito personal.<\/p>\n<p>Un sector que utiliza el trabajo de ni\u00f1os, o el de personas adolescentes por encima de las condiciones de seguridad establecidas por la ley, se ver\u00e1 afectado.<\/p>\n<p>Los objetivos del plan de acci\u00f3n \u201cTurismo Libre de Trabajo Infantil\u201d, que Sectur presentar\u00e1 a prestadores de servicios tur\u00edsticos y organizaciones para recabar sus aportaciones, son tres:<\/p>\n<p>1.- Propiciar la generaci\u00f3n de informaci\u00f3n y la sensibilizaci\u00f3n del sector.<\/p>\n<p>2.- Fortalecer las capacidades institucionales para la acci\u00f3n articulada del sector tur\u00edstico contra el trabajo infantil y a favor de la protecci\u00f3n de adolescentes en edad permitida para trabajar.<\/p>\n<p>3.- Impulsar la participaci\u00f3n social del sector de los viajes y el turismo, a favor de la creaci\u00f3n de destinos \u00e9ticos que protejan los derechos de la infancia y la adolescencia.<\/p>\n<p>El plan de acci\u00f3n \u201cTurismo Libre de Trabajo Infantil\u201d, se implementar\u00e1 en diez entidades federativas que el Diagn\u00f3stico Nacional de la Sectur, elaborado en 2015, plantea como prioritarias por sus indicadores de trabajo infantil y su atractivo tur\u00edstico.<\/p>\n<p>En su primera etapa, el plan de acci\u00f3n se realizar\u00e1 en 7 destinos: Acapulco, Ciudad de M\u00e9xico, Los Cabos, Playa Del Carmen, Puebla, Puerto Vallarta y Tapachula.<\/p>\n<p>En otro orden, el hotel Rosewood Mayakoba Riviera Maya, nominado en 6 categor\u00edas, recibi\u00f3 el m\u00e1s codiciado galard\u00f3n: el premio \u201cBest of the Best\u201d, ubic\u00e1ndose como el mejor hotel de M\u00e9xico.<\/p>\n<p>Esto ocurri\u00f3 por parte de la la prestigiada revista de viajes Travel + Leisure M\u00e9xico anunci\u00f3 a los ganadores de los reconocimientos Hotel Awards, premiando a lo mejor de la industria hotelera del pa\u00eds en donde participaron aquellos hoteles que ofrecen experiencias sobresalientes a sus hu\u00e9spedes, resultando galardonados Rosewood Mayakoba Riviera Maya y tambi\u00e9n el Rosewood San Miguel de Allende.<\/p>\n<p>Tras evaluar minuciosamente a 45 hoteles en 20 diferentes ciudades de M\u00e9xico, un jurado comprendido por 19 consejeros en turismo y en todos los temas que un viaje involucra, ubic\u00f3 a cada hotel dentro de 17 diferentes categor\u00edas para finalmente y despu\u00e9s de visitar a cada una de las propiedades, elegir a aquellos hoteles que representar\u00edan a cada categor\u00eda; pero esto ser\u00e1 motivo de posterior an\u00e1lisis en otra entrega de <strong><em>Hora 14<\/em><\/strong>.<\/p>\n<p><em><a href=\"mailto:%20mauricio_conde@msn.com\" target=\"_blank\">mauricio_conde@msn.com<\/a><\/em><\/p>\n","protected":false},"excerpt":{"rendered":"<p><span style=\"color: #005497;\"><strong>Mauricio Conde Olivares<\/strong><\/span><\/p>\n","protected":false},"author":3,"featured_media":0,"comment_status":"open","ping_status":"open","sticky":false,"template":"","format":"standard","meta":{"_monsterinsights_skip_tracking":false,"_monsterinsights_sitenote_active":false,"_monsterinsights_sitenote_note":"","_monsterinsights_sitenote_category":0,"footnotes":""},"categories":[35889],"tags":[43712,43674,44860],"class_list":["post-273990","post","type-post","status-publish","format-standard","hentry","category-mauricio-conde-olivares","tag-mauricio-conde-olivares","tag-opinion","tag-hora-14"],"_links":{"self":[{"href":"https:\/\/www.diarioimagen.net\/index.php?rest_route=\/wp\/v2\/posts\/273990","targetHints":{"allow":["GET"]}}],"collection":[{"href":"https:\/\/www.diarioimagen.net\/index.php?rest_route=\/wp\/v2\/posts"}],"about":[{"href":"https:\/\/www.diarioimagen.net\/index.php?rest_route=\/wp\/v2\/types\/post"}],"author":[{"embeddable":true,"href":"https:\/\/www.diarioimagen.net\/index.php?rest_route=\/wp\/v2\/users\/3"}],"replies":[{"embeddable":true,"href":"https:\/\/www.diarioimagen.net\/index.php?rest_route=%2Fwp%2Fv2%2Fcomments&post=273990"}],"version-history":[{"count":0,"href":"https:\/\/www.diarioimagen.net\/index.php?rest_route=\/wp\/v2\/posts\/273990\/revisions"}],"wp:attachment":[{"href":"https:\/\/www.diarioimagen.net\/index.php?rest_route=%2Fwp%2Fv2%2Fmedia&parent=273990"}],"wp:term":[{"taxonomy":"category","embeddable":true,"href":"https:\/\/www.diarioimagen.net\/index.php?rest_route=%2Fwp%2Fv2%2Fcategories&post=273990"},{"taxonomy":"post_tag","embeddable":true,"href":"https:\/\/www.diarioimagen.net\/index.php?rest_route=%2Fwp%2Fv2%2Ftags&post=273990"}],"curies":[{"name":"wp","href":"https:\/\/api.w.org\/{rel}","templated":true}]}}