{"id":274165,"date":"2016-06-14T00:08:53","date_gmt":"2016-06-14T05:08:53","guid":{"rendered":"http:\/\/www.diarioimagen.net\/?p=274165"},"modified":"2016-06-14T23:37:18","modified_gmt":"2016-06-15T04:37:18","slug":"entregan-primera-obra-del-programa-escuelas-al-cien","status":"publish","type":"post","link":"https:\/\/www.diarioimagen.net\/?p=274165","title":{"rendered":"Entregan primera obra del programa Escuelas al Cien"},"content":{"rendered":"<ul>\n<li><strong><em>Izaron la bandera blanca en la secundaria \u201cCarlos Hank Gonz\u00e1lez\u201d<\/em><\/strong><\/li>\n<\/ul>\n<h6>Jos\u00e9 Luis Monta\u00f1ez<\/h6>\n<p>&nbsp;<\/p>\n<div id=\"attachment_274205\" style=\"width: 430px\" class=\"wp-caption aligncenter\"><a href=\"http:\/\/www.diarioimagen.net\/?attachment_id=274205\" rel=\"attachment wp-att-274205\"><img loading=\"lazy\" decoding=\"async\" aria-describedby=\"caption-attachment-274205\" class=\"size-large wp-image-274205\" src=\"http:\/\/www.diarioimagen.net\/wp-content\/uploads\/2016\/06\/eruviel-2888-420x271.jpg\" alt=\"Eruviel \u00c1vila - Entregando Certificados Escuelas al CIEN.\" width=\"420\" height=\"271\" srcset=\"https:\/\/www.diarioimagen.net\/wp-content\/uploads\/2016\/06\/eruviel-2888-420x271.jpg 420w, https:\/\/www.diarioimagen.net\/wp-content\/uploads\/2016\/06\/eruviel-2888-240x155.jpg 240w, https:\/\/www.diarioimagen.net\/wp-content\/uploads\/2016\/06\/eruviel-2888.jpg 700w\" sizes=\"auto, (max-width: 420px) 100vw, 420px\" \/><\/a><p id=\"caption-attachment-274205\" class=\"wp-caption-text\">Eruviel \u00c1vila &#8211; Entregando Certificados Escuelas al CIEN.<\/p><\/div>\n<p>&nbsp;<\/p>\n<p><strong>Toluca, Estado de M\u00e9xico<\/strong>.- El gobernador Eruviel \u00c1vila Villegas, y el secretario de Educaci\u00f3n, Aurelio Nu\u00f1o Mayer, entregaron la primera obra de infraestructura, de m\u00e1s de 3 mil, proyecto que contempla el programa federal del Escuelas al Cien, que tiene como objetivo mejorar las condiciones de los planteles educativos, y tan s\u00f3lo en el Estado de M\u00e9xico contempla una inversi\u00f3n superior a los 4 mil 500 millones de pesos.<\/p>\n<p>\u201cEsta es la reforma educativa, logros concretos, educaci\u00f3n de calidad, escuelas de calidad, como hoy lo estamos observando. En la medida que le apostemos a la educaci\u00f3n vamos a prevenir la violencia; la cultura la educaci\u00f3n son armas poderosas para combatir y prevenir la delincuencia y la violencia\u201d, se\u00f1al\u00f3 el gobernador.<\/p>\n<p>Despu\u00e9s de izar la bandera blanca del Programa de Escuelas al Cien en la secundaria \u201cCarlos Hank Gonz\u00e1lez\u201d, ubicada en la comunidad de San Pablo Autopan, y ante alumnos y profesores de esta instituci\u00f3n, el gobernador Eruviel \u00c1vila se\u00f1al\u00f3 que no hay mejor forma de avanzar en materia educativa, que escuchando las propuestas y solicitudes de los padres de familia, maestros y alumnos, como lo ha venido haciendo el secretario de Educaci\u00f3n, Aurelio Nu\u00f1o Mayer.<\/p>\n<p>Ambos realizaron un recorrido por las remodeladas instalaciones de esta secundaria, y ah\u00ed se comprometieron a construir con recursos estatales y federales, un laboratorio que requieren en esta instituci\u00f3n.<\/p>\n<p>Por su parte, el titular de la SEP explic\u00f3 que el programa Escuelas al Cien, busca que los alumnos cuenten con centros educativos dignos, que tengan agua, luz, ba\u00f1os adecuados,\u00a0 pisos y muros firmes, as\u00ed como \u00e1reas deportivas y espacios para personas con discapacidad, y para lograrlo, ser\u00e1n invertidos a nivel nacional 50 mil millones de pesos, en beneficio de 33 mil escuelas.<\/p>\n<p>Tan s\u00f3lo en la secundaria \u201cCarlos Hank Gonz\u00e1lez\u201d fueron erogados m\u00e1s de 2 millones de pesos en la construcci\u00f3n de dos aulas, equipamiento y remodelaci\u00f3n de sanitarios.<\/p>\n","protected":false},"excerpt":{"rendered":"<p><span style=\"color: #005497;\">Jos\u00e9 Luis Monta\u00f1ez<\/span><br \/>\n<br \/>\nEl gobernador Eruviel \u00c1vila Villegas, y el secretario de Educaci\u00f3n, Aurelio Nu\u00f1o Mayer, entregaron la primera obra de infraestructura, de m\u00e1s de 3 mil, proyecto que contempla el programa federal del Escuelas al Cien, que tiene como objetivo mejorar las condiciones de los planteles educativos, y tan s\u00f3lo en el Estado de M\u00e9xico contempla una inversi\u00f3n superior a los 4 mil 500 millones de pesos.<\/p>\n","protected":false},"author":3,"featured_media":274205,"comment_status":"open","ping_status":"open","sticky":false,"template":"","format":"standard","meta":{"_monsterinsights_skip_tracking":false,"_monsterinsights_sitenote_active":false,"_monsterinsights_sitenote_note":"","_monsterinsights_sitenote_category":0,"footnotes":""},"categories":[5],"tags":[10936,5828,48650],"class_list":["post-274165","post","type-post","status-publish","format-standard","has-post-thumbnail","hentry","category-estado-de-mexico","tag-carlos-hank-gonzalez","tag-eruviel-avila-villegas","tag-escuelas-al-cien"],"_links":{"self":[{"href":"https:\/\/www.diarioimagen.net\/index.php?rest_route=\/wp\/v2\/posts\/274165","targetHints":{"allow":["GET"]}}],"collection":[{"href":"https:\/\/www.diarioimagen.net\/index.php?rest_route=\/wp\/v2\/posts"}],"about":[{"href":"https:\/\/www.diarioimagen.net\/index.php?rest_route=\/wp\/v2\/types\/post"}],"author":[{"embeddable":true,"href":"https:\/\/www.diarioimagen.net\/index.php?rest_route=\/wp\/v2\/users\/3"}],"replies":[{"embeddable":true,"href":"https:\/\/www.diarioimagen.net\/index.php?rest_route=%2Fwp%2Fv2%2Fcomments&post=274165"}],"version-history":[{"count":0,"href":"https:\/\/www.diarioimagen.net\/index.php?rest_route=\/wp\/v2\/posts\/274165\/revisions"}],"wp:featuredmedia":[{"embeddable":true,"href":"https:\/\/www.diarioimagen.net\/index.php?rest_route=\/wp\/v2\/media\/274205"}],"wp:attachment":[{"href":"https:\/\/www.diarioimagen.net\/index.php?rest_route=%2Fwp%2Fv2%2Fmedia&parent=274165"}],"wp:term":[{"taxonomy":"category","embeddable":true,"href":"https:\/\/www.diarioimagen.net\/index.php?rest_route=%2Fwp%2Fv2%2Fcategories&post=274165"},{"taxonomy":"post_tag","embeddable":true,"href":"https:\/\/www.diarioimagen.net\/index.php?rest_route=%2Fwp%2Fv2%2Ftags&post=274165"}],"curies":[{"name":"wp","href":"https:\/\/api.w.org\/{rel}","templated":true}]}}