{"id":274171,"date":"2016-06-14T00:09:14","date_gmt":"2016-06-14T05:09:14","guid":{"rendered":"http:\/\/www.diarioimagen.net\/?p=274171"},"modified":"2016-06-14T02:14:11","modified_gmt":"2016-06-14T07:14:11","slug":"sembrada-82-de-la-superficie-total-de-maiz","status":"publish","type":"post","link":"https:\/\/www.diarioimagen.net\/?p=274171","title":{"rendered":"Sembrada, 82% de la superficie total de ma\u00edz"},"content":{"rendered":"<ul>\n<li><strong><em>El cultivo se desarrolla en 550 mil hect\u00e1reas<\/em><\/strong><\/li>\n<\/ul>\n<p>&nbsp;<\/p>\n<div id=\"attachment_274213\" style=\"width: 430px\" class=\"wp-caption aligncenter\"><a href=\"http:\/\/www.diarioimagen.net\/?attachment_id=274213\" rel=\"attachment wp-att-274213\"><img loading=\"lazy\" decoding=\"async\" aria-describedby=\"caption-attachment-274213\" class=\"size-large wp-image-274213\" src=\"http:\/\/www.diarioimagen.net\/wp-content\/uploads\/2016\/06\/MAIZ-2888-420x236.jpg\" alt=\"El cultivo de ma\u00edz se estima que se desarrollar\u00e1 en 550 mil hect\u00e1reas del Edomex, y a la fecha, el 82 por ciento de esa superficie ya est\u00e1 sembrada.\" width=\"420\" height=\"236\" srcset=\"https:\/\/www.diarioimagen.net\/wp-content\/uploads\/2016\/06\/MAIZ-2888-420x236.jpg 420w, https:\/\/www.diarioimagen.net\/wp-content\/uploads\/2016\/06\/MAIZ-2888-240x135.jpg 240w, https:\/\/www.diarioimagen.net\/wp-content\/uploads\/2016\/06\/MAIZ-2888-235x132.jpg 235w, https:\/\/www.diarioimagen.net\/wp-content\/uploads\/2016\/06\/MAIZ-2888-202x114.jpg 202w, https:\/\/www.diarioimagen.net\/wp-content\/uploads\/2016\/06\/MAIZ-2888-350x196.jpg 350w, https:\/\/www.diarioimagen.net\/wp-content\/uploads\/2016\/06\/MAIZ-2888-220x123.jpg 220w, https:\/\/www.diarioimagen.net\/wp-content\/uploads\/2016\/06\/MAIZ-2888-237x132.jpg 237w, https:\/\/www.diarioimagen.net\/wp-content\/uploads\/2016\/06\/MAIZ-2888.jpg 480w\" sizes=\"auto, (max-width: 420px) 100vw, 420px\" \/><\/a><p id=\"caption-attachment-274213\" class=\"wp-caption-text\">El cultivo de ma\u00edz se estima que se desarrollar\u00e1 en 550 mil hect\u00e1reas del Edomex, y a la fecha, el 82 por ciento de esa superficie ya est\u00e1 sembrada.<\/p><\/div>\n<p>&nbsp;<\/p>\n<p><strong>Metepec, Estado de M\u00e9xico<\/strong>.-\u00a0 En el presente ciclo agr\u00edcola, el cultivo de ma\u00edz se estima que se desarrollar\u00e1 en 550 mil hect\u00e1reas, y a la fecha, el 82 por ciento de esa superficie ya est\u00e1 sembrada, pues en el sur de la entidad el ciclo comienza a finales de mayo y hasta mediados de junio; por lo que en breve concluir\u00e1 la siembra de este grano b\u00e1sico.<\/p>\n<p>Heriberto Ortega Ram\u00edrez, secretario de Desarrollo Agropecuario, explic\u00f3 que el ciclo del cultivo de ma\u00edz es m\u00e1s corto en el sur y se desarrolla en aproximadamente 180 d\u00edas, mientras que en los valles altos, como los de Toluca y Atlacomulco son m\u00e1s largos, de alrededor de 270 d\u00edas, esto por las cuestiones climatol\u00f3gicas que caracterizan a estas regiones del Edomex.<\/p>\n<p>Agreg\u00f3 que en este ciclo agr\u00edcola tambi\u00e9n se cultivar\u00e1n otros cereales de grano peque\u00f1o como la avena en las regiones de Tepotzotl\u00e1n, Atlacomulco y Metepec; el trigo en Texcoco, Juchitepec y Jilotepec; triticale (la combinaci\u00f3n del trigo y el centeno) en casi todas la regiones de la entidad, mientras que la cebada en Teotihuac\u00e1n y Zumpango.<\/p>\n<p>Detall\u00f3 que el triticale es una buena alternativa, ante el problema de roya (hongo) en el trigo y tambi\u00e9n por la calidad de la semilla denominada Bicentenario, desarrollada por investigadores del Instituto de Investigaci\u00f3n y Capacitaci\u00f3n Agropecuario, Acu\u00edcola y Forestal del Estado de M\u00e9xico (Icamex), la que ha sido adquirida por productores de otras entidades del pa\u00eds.<\/p>\n<p>El titular de la Sedagro subray\u00f3 que la cebada, por d\u00e9cimo quinto a\u00f1o consecutivo, se cultiva bajo el esquema de agricultura por contrato con la impulsora agr\u00edcola, para comercializar la cosecha con la industria cervecera del pa\u00eds.<\/p>\n<p>&nbsp;<\/p>\n","protected":false},"excerpt":{"rendered":"<p>En el presente ciclo agr\u00edcola, el cultivo de ma\u00edz se estima que se desarrollar\u00e1 en 550 mil hect\u00e1reas, y a la fecha, el 82 por ciento de esa superficie ya est\u00e1 sembrada, pues en el sur de la entidad el ciclo comienza a finales de mayo y hasta mediados de junio; por lo que en breve concluir\u00e1 la siembra de este grano b\u00e1sico.<\/p>\n","protected":false},"author":3,"featured_media":274213,"comment_status":"open","ping_status":"open","sticky":false,"template":"","format":"standard","meta":{"_monsterinsights_skip_tracking":false,"_monsterinsights_sitenote_active":false,"_monsterinsights_sitenote_note":"","_monsterinsights_sitenote_category":0,"footnotes":""},"categories":[5],"tags":[43675,15946,876],"class_list":["post-274171","post","type-post","status-publish","format-standard","has-post-thumbnail","hentry","category-estado-de-mexico","tag-estado-de-mexico","tag-maiz","tag-metepec"],"_links":{"self":[{"href":"https:\/\/www.diarioimagen.net\/index.php?rest_route=\/wp\/v2\/posts\/274171","targetHints":{"allow":["GET"]}}],"collection":[{"href":"https:\/\/www.diarioimagen.net\/index.php?rest_route=\/wp\/v2\/posts"}],"about":[{"href":"https:\/\/www.diarioimagen.net\/index.php?rest_route=\/wp\/v2\/types\/post"}],"author":[{"embeddable":true,"href":"https:\/\/www.diarioimagen.net\/index.php?rest_route=\/wp\/v2\/users\/3"}],"replies":[{"embeddable":true,"href":"https:\/\/www.diarioimagen.net\/index.php?rest_route=%2Fwp%2Fv2%2Fcomments&post=274171"}],"version-history":[{"count":0,"href":"https:\/\/www.diarioimagen.net\/index.php?rest_route=\/wp\/v2\/posts\/274171\/revisions"}],"wp:featuredmedia":[{"embeddable":true,"href":"https:\/\/www.diarioimagen.net\/index.php?rest_route=\/wp\/v2\/media\/274213"}],"wp:attachment":[{"href":"https:\/\/www.diarioimagen.net\/index.php?rest_route=%2Fwp%2Fv2%2Fmedia&parent=274171"}],"wp:term":[{"taxonomy":"category","embeddable":true,"href":"https:\/\/www.diarioimagen.net\/index.php?rest_route=%2Fwp%2Fv2%2Fcategories&post=274171"},{"taxonomy":"post_tag","embeddable":true,"href":"https:\/\/www.diarioimagen.net\/index.php?rest_route=%2Fwp%2Fv2%2Ftags&post=274171"}],"curies":[{"name":"wp","href":"https:\/\/api.w.org\/{rel}","templated":true}]}}