{"id":274173,"date":"2016-06-14T00:07:30","date_gmt":"2016-06-14T05:07:30","guid":{"rendered":"http:\/\/www.diarioimagen.net\/?p=274173"},"modified":"2016-06-14T01:48:14","modified_gmt":"2016-06-14T06:48:14","slug":"entregan-en-tultepec-camiones-recolectores","status":"publish","type":"post","link":"https:\/\/www.diarioimagen.net\/?p=274173","title":{"rendered":"Entregan en Tultepec camiones recolectores"},"content":{"rendered":"<ul>\n<li><strong><em>Ampl\u00edan cobertura en el servicio<\/em><\/strong><\/li>\n<\/ul>\n<p>&nbsp;<\/p>\n<div id=\"attachment_274218\" style=\"width: 430px\" class=\"wp-caption aligncenter\"><a href=\"http:\/\/www.diarioimagen.net\/?attachment_id=274218\" rel=\"attachment wp-att-274218\"><img loading=\"lazy\" decoding=\"async\" aria-describedby=\"caption-attachment-274218\" class=\"size-large wp-image-274218\" src=\"http:\/\/www.diarioimagen.net\/wp-content\/uploads\/2016\/06\/TULTEPEC-2888-420x236.jpg\" alt=\"El presidente municipal, Armando Portuguez Fuentes, entreg\u00f3 otros dos camiones recolectores de basura.\" width=\"420\" height=\"236\" srcset=\"https:\/\/www.diarioimagen.net\/wp-content\/uploads\/2016\/06\/TULTEPEC-2888-420x236.jpg 420w, https:\/\/www.diarioimagen.net\/wp-content\/uploads\/2016\/06\/TULTEPEC-2888-240x135.jpg 240w, https:\/\/www.diarioimagen.net\/wp-content\/uploads\/2016\/06\/TULTEPEC-2888-235x132.jpg 235w, https:\/\/www.diarioimagen.net\/wp-content\/uploads\/2016\/06\/TULTEPEC-2888-202x114.jpg 202w, https:\/\/www.diarioimagen.net\/wp-content\/uploads\/2016\/06\/TULTEPEC-2888-350x196.jpg 350w, https:\/\/www.diarioimagen.net\/wp-content\/uploads\/2016\/06\/TULTEPEC-2888-220x123.jpg 220w, https:\/\/www.diarioimagen.net\/wp-content\/uploads\/2016\/06\/TULTEPEC-2888-237x132.jpg 237w, https:\/\/www.diarioimagen.net\/wp-content\/uploads\/2016\/06\/TULTEPEC-2888.jpg 480w\" sizes=\"auto, (max-width: 420px) 100vw, 420px\" \/><\/a><p id=\"caption-attachment-274218\" class=\"wp-caption-text\">El presidente municipal, Armando Portuguez Fuentes, entreg\u00f3 otros dos camiones recolectores de basura.<\/p><\/div>\n<p>&nbsp;<\/p>\n<p><strong>Tultepec, Estado de M\u00e9xico<\/strong>.- Con el objetivo de ampliar la cobertura en el servicio de recolecci\u00f3n de desechos s\u00f3lidos en todo el municipio, el presidente municipal, Armando Portuguez Fuentes, entreg\u00f3 dos camiones recolectores m\u00e1s, de los seis autorizados por el Cabildo para el presente a\u00f1o.<\/p>\n<p>Durante la ceremonia celebrada en la explanada \u00a0municipal, el Ejecutivo local reconoci\u00f3 a los integrantes del Cabildo por impulsar esta iniciativa para reforzar los servicios que se brindan a la ciudadan\u00eda con la entrega de estos camiones compactadores, cuatro de los cuales fueron entregados hace unos meses.<\/p>\n<p>Con la inversi\u00f3n de un mill\u00f3n 700 mil pesos en la adquisici\u00f3n de estas dos unidades, se cuenta actualmente con 18 camiones, con los que se atiende m\u00e1s del 80 por ciento del servicio de recolecci\u00f3n de desechos s\u00f3lidos, a trav\u00e9s de 50 rutas; 25 de recolecci\u00f3n y 25 de barrido diario, explic\u00f3 Gabriel Hern\u00e1ndez Mart\u00ednez, director de Servicios P\u00fablicos.<\/p>\n<p>Ante integrantes del Cabildo, directores y jefes de \u00e1rea de la administraci\u00f3n municipal, el alcalde precis\u00f3 que las unidades son seminuevas, est\u00e1n en perfectas condiciones y son ideales para entrar en funcionamiento inmediato.<\/p>\n<p>Explic\u00f3 que se trata de camiones compactadores, que tienen mayor capacidad de carga y realizan menos recorridos hacia el relleno sanitario, lo que a mediano y largo plazo significar\u00e1 un ahorro considerable de combustible, tiempo y recursos humanos.<\/p>\n<p>Portuguez Fuentes anunci\u00f3 adem\u00e1s que en aproximadamente un mes, se adquirir\u00e1n dos camiones m\u00e1s de las mismas caracter\u00edsticas para seguir reforzando la capacidad de respuesta en materia de servicios a la ciudadan\u00eda.<\/p>\n<p>Anunci\u00f3 que los pr\u00f3ximos d\u00edas se entregar\u00e1 una canastilla, es decir, un cami\u00f3n especial para para continuar con el cambio de las m\u00e1s de 3 mil luminarias por l\u00e1mparas ahorradoras de LED en todo el municipio, y de esta manera disminuir el excesivo gasto por este concepto.<\/p>\n<p>&nbsp;<\/p>\n","protected":false},"excerpt":{"rendered":"<p>Con el objetivo de ampliar la cobertura en el servicio de recolecci\u00f3n de desechos s\u00f3lidos en todo el municipio, el presidente municipal, Armando Portuguez Fuentes, entreg\u00f3 dos camiones recolectores m\u00e1s, de los seis autorizados por el Cabildo para el presente a\u00f1o.<\/p>\n","protected":false},"author":3,"featured_media":274218,"comment_status":"open","ping_status":"open","sticky":false,"template":"","format":"standard","meta":{"_monsterinsights_skip_tracking":false,"_monsterinsights_sitenote_active":false,"_monsterinsights_sitenote_note":"","_monsterinsights_sitenote_category":0,"footnotes":""},"categories":[35155],"tags":[43675,3802],"class_list":["post-274173","post","type-post","status-publish","format-standard","has-post-thumbnail","hentry","category-estado-de-mexico-estado-de-mexico","tag-estado-de-mexico","tag-tultepec"],"_links":{"self":[{"href":"https:\/\/www.diarioimagen.net\/index.php?rest_route=\/wp\/v2\/posts\/274173","targetHints":{"allow":["GET"]}}],"collection":[{"href":"https:\/\/www.diarioimagen.net\/index.php?rest_route=\/wp\/v2\/posts"}],"about":[{"href":"https:\/\/www.diarioimagen.net\/index.php?rest_route=\/wp\/v2\/types\/post"}],"author":[{"embeddable":true,"href":"https:\/\/www.diarioimagen.net\/index.php?rest_route=\/wp\/v2\/users\/3"}],"replies":[{"embeddable":true,"href":"https:\/\/www.diarioimagen.net\/index.php?rest_route=%2Fwp%2Fv2%2Fcomments&post=274173"}],"version-history":[{"count":0,"href":"https:\/\/www.diarioimagen.net\/index.php?rest_route=\/wp\/v2\/posts\/274173\/revisions"}],"wp:featuredmedia":[{"embeddable":true,"href":"https:\/\/www.diarioimagen.net\/index.php?rest_route=\/wp\/v2\/media\/274218"}],"wp:attachment":[{"href":"https:\/\/www.diarioimagen.net\/index.php?rest_route=%2Fwp%2Fv2%2Fmedia&parent=274173"}],"wp:term":[{"taxonomy":"category","embeddable":true,"href":"https:\/\/www.diarioimagen.net\/index.php?rest_route=%2Fwp%2Fv2%2Fcategories&post=274173"},{"taxonomy":"post_tag","embeddable":true,"href":"https:\/\/www.diarioimagen.net\/index.php?rest_route=%2Fwp%2Fv2%2Ftags&post=274173"}],"curies":[{"name":"wp","href":"https:\/\/api.w.org\/{rel}","templated":true}]}}