{"id":274177,"date":"2016-06-14T00:06:55","date_gmt":"2016-06-14T05:06:55","guid":{"rendered":"http:\/\/www.diarioimagen.net\/?p=274177"},"modified":"2016-06-14T01:51:55","modified_gmt":"2016-06-14T06:51:55","slug":"impulsa-legislatura-programa-apadrina-a-un-nino-indigena","status":"publish","type":"post","link":"https:\/\/www.diarioimagen.net\/?p=274177","title":{"rendered":"Impulsa Legislatura programa Apadrina a un Ni\u00f1o Ind\u00edgena"},"content":{"rendered":"<ul>\n<li><strong><em>Cruz Roa ayuda a sus ahijados<\/em><\/strong><\/li>\n<\/ul>\n<p>&nbsp;<\/p>\n<div id=\"attachment_274225\" style=\"width: 430px\" class=\"wp-caption aligncenter\"><a href=\"http:\/\/www.diarioimagen.net\/?attachment_id=274225\" rel=\"attachment wp-att-274225\"><img loading=\"lazy\" decoding=\"async\" aria-describedby=\"caption-attachment-274225\" class=\"size-large wp-image-274225\" src=\"http:\/\/www.diarioimagen.net\/wp-content\/uploads\/2016\/06\/cruz-roa-2888-420x281.jpg\" alt=\"El presidente de la Jucopo, Cruz Roa S\u00e1nchez, acudi\u00f3 a la comunidad El Potrero de San Jos\u00e9, en Temascaltepec, para convivir con los ni\u00f1os y sus familias.\" width=\"420\" height=\"281\" srcset=\"https:\/\/www.diarioimagen.net\/wp-content\/uploads\/2016\/06\/cruz-roa-2888-420x281.jpg 420w, https:\/\/www.diarioimagen.net\/wp-content\/uploads\/2016\/06\/cruz-roa-2888-240x160.jpg 240w, https:\/\/www.diarioimagen.net\/wp-content\/uploads\/2016\/06\/cruz-roa-2888.jpg 700w\" sizes=\"auto, (max-width: 420px) 100vw, 420px\" \/><\/a><p id=\"caption-attachment-274225\" class=\"wp-caption-text\">El presidente de la Jucopo, Cruz Roa S\u00e1nchez, acudi\u00f3 a la comunidad El Potrero de San Jos\u00e9, en Temascaltepec, para convivir con los ni\u00f1os y sus familias.<\/p><\/div>\n<p>&nbsp;<\/p>\n<p>El diputado Cruz Roa S\u00e1nchez, presidente de la Junta de Coordinaci\u00f3n Pol\u00edtica de la 59 Legislatura mexiquense, entreg\u00f3 ropa, calzado, paquetes alimentarios y utensilios de cocina, adem\u00e1s de comentarles que los apoyar\u00e1 con un pie de casa para que junto con sus familias vivan en mejores condiciones, a sus ahijados del programa estatal Apadrina a un Ni\u00f1o Ind\u00edgena, Luz Areli Gonz\u00e1lez Romero, Jos\u00e9 Mar\u00eda Cruz Reyna y Cristopher Espinosa Avelino.<\/p>\n<p>En la comunidad de El Potrero de San Jos\u00e9, Temascaltepec, donde visit\u00f3 los hogares de cada uno de sus ahijados y convivi\u00f3 con ellos y sus familias, el tambi\u00e9n coordinador del grupo parlamentario del PRI reiter\u00f3 su respaldo y el de la Legislatura mexiquense a los 119 ni\u00f1os apadrinados por 41 diputados locales mexiquenses en 28 municipios.<\/p>\n<p>&nbsp;<\/p>\n","protected":false},"excerpt":{"rendered":"<p>El diputado Cruz Roa S\u00e1nchez, presidente de la Junta de Coordinaci\u00f3n Pol\u00edtica de la 59 Legislatura mexiquense, entreg\u00f3 ropa, calzado, paquetes alimentarios y utensilios de cocina, adem\u00e1s de comentarles que los apoyar\u00e1 con un pie de casa para que junto con sus familias vivan en mejores condiciones, a sus ahijados del programa estatal Apadrina a un Ni\u00f1o Ind\u00edgena, Luz Areli Gonz\u00e1lez Romero, Jos\u00e9 Mar\u00eda Cruz Reyna y Cristopher Espinosa Avelino.<\/p>\n","protected":false},"author":3,"featured_media":274225,"comment_status":"open","ping_status":"open","sticky":false,"template":"","format":"standard","meta":{"_monsterinsights_skip_tracking":false,"_monsterinsights_sitenote_active":false,"_monsterinsights_sitenote_note":"","_monsterinsights_sitenote_category":0,"footnotes":""},"categories":[35155],"tags":[11113,4553],"class_list":["post-274177","post","type-post","status-publish","format-standard","has-post-thumbnail","hentry","category-estado-de-mexico-estado-de-mexico","tag-apadrina-a-un-nino-indigena","tag-junta-de-coordinacion-politica"],"_links":{"self":[{"href":"https:\/\/www.diarioimagen.net\/index.php?rest_route=\/wp\/v2\/posts\/274177","targetHints":{"allow":["GET"]}}],"collection":[{"href":"https:\/\/www.diarioimagen.net\/index.php?rest_route=\/wp\/v2\/posts"}],"about":[{"href":"https:\/\/www.diarioimagen.net\/index.php?rest_route=\/wp\/v2\/types\/post"}],"author":[{"embeddable":true,"href":"https:\/\/www.diarioimagen.net\/index.php?rest_route=\/wp\/v2\/users\/3"}],"replies":[{"embeddable":true,"href":"https:\/\/www.diarioimagen.net\/index.php?rest_route=%2Fwp%2Fv2%2Fcomments&post=274177"}],"version-history":[{"count":0,"href":"https:\/\/www.diarioimagen.net\/index.php?rest_route=\/wp\/v2\/posts\/274177\/revisions"}],"wp:featuredmedia":[{"embeddable":true,"href":"https:\/\/www.diarioimagen.net\/index.php?rest_route=\/wp\/v2\/media\/274225"}],"wp:attachment":[{"href":"https:\/\/www.diarioimagen.net\/index.php?rest_route=%2Fwp%2Fv2%2Fmedia&parent=274177"}],"wp:term":[{"taxonomy":"category","embeddable":true,"href":"https:\/\/www.diarioimagen.net\/index.php?rest_route=%2Fwp%2Fv2%2Fcategories&post=274177"},{"taxonomy":"post_tag","embeddable":true,"href":"https:\/\/www.diarioimagen.net\/index.php?rest_route=%2Fwp%2Fv2%2Ftags&post=274177"}],"curies":[{"name":"wp","href":"https:\/\/api.w.org\/{rel}","templated":true}]}}