{"id":274179,"date":"2016-06-14T00:05:26","date_gmt":"2016-06-14T05:05:26","guid":{"rendered":"http:\/\/www.diarioimagen.net\/?p=274179"},"modified":"2016-06-14T01:53:01","modified_gmt":"2016-06-14T06:53:01","slug":"comienza-reforestacion-en-la-sierra-de-guadalupe","status":"publish","type":"post","link":"https:\/\/www.diarioimagen.net\/?p=274179","title":{"rendered":"Comienza reforestaci\u00f3n en la Sierra de Guadalupe"},"content":{"rendered":"<ul>\n<li><strong><em>Siembran mil \u00e1rboles, de un total de 9 mil<\/em><\/strong><\/li>\n<\/ul>\n<p>&nbsp;<\/p>\n<div id=\"attachment_274228\" style=\"width: 430px\" class=\"wp-caption aligncenter\"><a href=\"http:\/\/www.diarioimagen.net\/?attachment_id=274228\" rel=\"attachment wp-att-274228\"><img loading=\"lazy\" decoding=\"async\" aria-describedby=\"caption-attachment-274228\" class=\"size-large wp-image-274228\" src=\"http:\/\/www.diarioimagen.net\/wp-content\/uploads\/2016\/06\/TLALNEPANTLA-2888-420x236.jpg\" alt=\"El gobierno de Denisse Ugalde Alegr\u00eda dio inicio a la campa\u00f1a de reforestaci\u00f3n de uno de los pulmones m\u00e1s importantes del Valle de M\u00e9xico, la Sierra de Guadalupe.\" width=\"420\" height=\"236\" srcset=\"https:\/\/www.diarioimagen.net\/wp-content\/uploads\/2016\/06\/TLALNEPANTLA-2888-420x236.jpg 420w, https:\/\/www.diarioimagen.net\/wp-content\/uploads\/2016\/06\/TLALNEPANTLA-2888-240x135.jpg 240w, https:\/\/www.diarioimagen.net\/wp-content\/uploads\/2016\/06\/TLALNEPANTLA-2888-235x132.jpg 235w, https:\/\/www.diarioimagen.net\/wp-content\/uploads\/2016\/06\/TLALNEPANTLA-2888-202x114.jpg 202w, https:\/\/www.diarioimagen.net\/wp-content\/uploads\/2016\/06\/TLALNEPANTLA-2888-350x196.jpg 350w, https:\/\/www.diarioimagen.net\/wp-content\/uploads\/2016\/06\/TLALNEPANTLA-2888-220x123.jpg 220w, https:\/\/www.diarioimagen.net\/wp-content\/uploads\/2016\/06\/TLALNEPANTLA-2888-237x132.jpg 237w, https:\/\/www.diarioimagen.net\/wp-content\/uploads\/2016\/06\/TLALNEPANTLA-2888.jpg 480w\" sizes=\"auto, (max-width: 420px) 100vw, 420px\" \/><\/a><p id=\"caption-attachment-274228\" class=\"wp-caption-text\">El gobierno de Denisse Ugalde Alegr\u00eda dio inicio a la campa\u00f1a de reforestaci\u00f3n de uno de los pulmones m\u00e1s importantes del Valle de M\u00e9xico, la Sierra de Guadalupe.<\/p><\/div>\n<p>&nbsp;<\/p>\n<p><strong>Tlanepantla, Estado de M\u00e9xico<\/strong>.- Comprometidos con la recuperaci\u00f3n ecol\u00f3gica de la Sierra de Guadalupe, alrededor de 400 funcionarios y trabajadores municipales se armaron con picos y palas para sembrar, en una primera etapa,\u00a0 m\u00e1s de mil \u00e1rboles de un total de 9 mil que se prev\u00e9 plantar de aqu\u00ed al mes de agosto.<\/p>\n<p>De esta manera, la administraci\u00f3n de la alcaldesa Denisse Ugalde Alegr\u00eda, dio inicio a la campa\u00f1a de reforestaci\u00f3n de uno de los pulmones m\u00e1s importantes del Valle de M\u00e9xico, en el que se sembrar\u00e1n diferentes especies, como cedro blanco, pirul, huizache y pino.<\/p>\n<p>Al respecto, el director de Medio Ambiente de Tlalnepantla, Jos\u00e9 Desiderio Torres Barr\u00f3n, asegur\u00f3 que una vez m\u00e1s el trabajo en equipo contribuye al rescate del Parque Estatal Sierra de Guadalupe, situado en el \u00c1rea Natural Protegida en el ejido San Bartolo Tenayuca, conocido como paraje Cola de Caballo.<\/p>\n<p>Explic\u00f3 que con estas acciones, adem\u00e1s de mitigarse los efectos de la contaminaci\u00f3n, se incrementan los niveles de recarga de los mantos fre\u00e1ticos, se aumenta la cobertura vegetal y se protegen los ecosistemas de flora y fauna.<\/p>\n<p>El funcionario expres\u00f3 que uno de los ejes rectores de la presente administraci\u00f3n es un tener un gobierno garante del medio ambiente, a trav\u00e9s de \u00a0trabajos integrales que garanticen su respeto y procuren un entorno arm\u00f3nico basado en los valores de sustentabilidad, participaci\u00f3n social, \u00e9tica ambiental y pol\u00edticas p\u00fablicas en materia de movilidad.<\/p>\n<p>Por su parte, el secretario del Ayuntamiento, Juan Carlos P\u00e9rez Saavedra, en representaci\u00f3n de la presidenta municipal, Denisse Ugalde Alegr\u00eda, encabez\u00f3 la jornada de reforestaci\u00f3n que ampliar\u00e1 y garantizar\u00e1 la permanencia de los espacios que nutren al subsuelo con el agua y que son parte la reserva ecol\u00f3gica de Tlalnepantla.<\/p>\n<p>\u201cEste programa, adem\u00e1s de coadyuvar a proteger el medio ambiente, tambi\u00e9n representa un momento id\u00f3neo para estar con la familia. Ahora el compromiso es cuidar y proteger este patrimonio ecol\u00f3gico que le vamos a heredar a nuestros hijos\u201d, concluy\u00f3.<\/p>\n<p>&nbsp;<\/p>\n","protected":false},"excerpt":{"rendered":"<p>Comprometidos con la recuperaci\u00f3n ecol\u00f3gica de la Sierra de Guadalupe, alrededor de 400 funcionarios y trabajadores municipales se armaron con picos y palas para sembrar, en una primera etapa,  m\u00e1s de mil \u00e1rboles de un total de 9 mil que se prev\u00e9 plantar de aqu\u00ed al mes de agosto.<\/p>\n","protected":false},"author":3,"featured_media":274228,"comment_status":"open","ping_status":"open","sticky":false,"template":"","format":"standard","meta":{"_monsterinsights_skip_tracking":false,"_monsterinsights_sitenote_active":false,"_monsterinsights_sitenote_note":"","_monsterinsights_sitenote_category":0,"footnotes":""},"categories":[35155],"tags":[43675,48144,10627],"class_list":["post-274179","post","type-post","status-publish","format-standard","has-post-thumbnail","hentry","category-estado-de-mexico-estado-de-mexico","tag-estado-de-mexico","tag-sierra-de-guadalupe","tag-tlanepantla"],"_links":{"self":[{"href":"https:\/\/www.diarioimagen.net\/index.php?rest_route=\/wp\/v2\/posts\/274179","targetHints":{"allow":["GET"]}}],"collection":[{"href":"https:\/\/www.diarioimagen.net\/index.php?rest_route=\/wp\/v2\/posts"}],"about":[{"href":"https:\/\/www.diarioimagen.net\/index.php?rest_route=\/wp\/v2\/types\/post"}],"author":[{"embeddable":true,"href":"https:\/\/www.diarioimagen.net\/index.php?rest_route=\/wp\/v2\/users\/3"}],"replies":[{"embeddable":true,"href":"https:\/\/www.diarioimagen.net\/index.php?rest_route=%2Fwp%2Fv2%2Fcomments&post=274179"}],"version-history":[{"count":0,"href":"https:\/\/www.diarioimagen.net\/index.php?rest_route=\/wp\/v2\/posts\/274179\/revisions"}],"wp:featuredmedia":[{"embeddable":true,"href":"https:\/\/www.diarioimagen.net\/index.php?rest_route=\/wp\/v2\/media\/274228"}],"wp:attachment":[{"href":"https:\/\/www.diarioimagen.net\/index.php?rest_route=%2Fwp%2Fv2%2Fmedia&parent=274179"}],"wp:term":[{"taxonomy":"category","embeddable":true,"href":"https:\/\/www.diarioimagen.net\/index.php?rest_route=%2Fwp%2Fv2%2Fcategories&post=274179"},{"taxonomy":"post_tag","embeddable":true,"href":"https:\/\/www.diarioimagen.net\/index.php?rest_route=%2Fwp%2Fv2%2Ftags&post=274179"}],"curies":[{"name":"wp","href":"https:\/\/api.w.org\/{rel}","templated":true}]}}