{"id":274181,"date":"2016-06-14T00:04:35","date_gmt":"2016-06-14T05:04:35","guid":{"rendered":"http:\/\/www.diarioimagen.net\/?p=274181"},"modified":"2016-06-14T01:54:17","modified_gmt":"2016-06-14T06:54:17","slug":"obras-en-beneficio-de-la-ninez-huixquiluquense","status":"publish","type":"post","link":"https:\/\/www.diarioimagen.net\/?p=274181","title":{"rendered":"Obras en beneficio de la ni\u00f1ez huixquiluquense"},"content":{"rendered":"<ul>\n<li><em><strong>Destinan m\u00e1s de 300 millones de pesos<\/strong><\/em><\/li>\n<\/ul>\n<p>&nbsp;<\/p>\n<div id=\"attachment_274230\" style=\"width: 430px\" class=\"wp-caption aligncenter\"><a href=\"http:\/\/www.diarioimagen.net\/?attachment_id=274230\" rel=\"attachment wp-att-274230\"><img loading=\"lazy\" decoding=\"async\" aria-describedby=\"caption-attachment-274230\" class=\"size-large wp-image-274230\" src=\"http:\/\/www.diarioimagen.net\/wp-content\/uploads\/2016\/06\/HUIXQUILUCAN-2888-420x236.jpg\" alt=\"El alcalde Enrique Vargas del Villar anunci\u00f3 m\u00e1s de 300 millones de pesos en obras para beneficio de los huixquiluquenses.\" width=\"420\" height=\"236\" srcset=\"https:\/\/www.diarioimagen.net\/wp-content\/uploads\/2016\/06\/HUIXQUILUCAN-2888-420x236.jpg 420w, https:\/\/www.diarioimagen.net\/wp-content\/uploads\/2016\/06\/HUIXQUILUCAN-2888-240x135.jpg 240w, https:\/\/www.diarioimagen.net\/wp-content\/uploads\/2016\/06\/HUIXQUILUCAN-2888-235x132.jpg 235w, https:\/\/www.diarioimagen.net\/wp-content\/uploads\/2016\/06\/HUIXQUILUCAN-2888-202x114.jpg 202w, https:\/\/www.diarioimagen.net\/wp-content\/uploads\/2016\/06\/HUIXQUILUCAN-2888-350x196.jpg 350w, https:\/\/www.diarioimagen.net\/wp-content\/uploads\/2016\/06\/HUIXQUILUCAN-2888-220x123.jpg 220w, https:\/\/www.diarioimagen.net\/wp-content\/uploads\/2016\/06\/HUIXQUILUCAN-2888-237x132.jpg 237w, https:\/\/www.diarioimagen.net\/wp-content\/uploads\/2016\/06\/HUIXQUILUCAN-2888.jpg 480w\" sizes=\"auto, (max-width: 420px) 100vw, 420px\" \/><\/a><p id=\"caption-attachment-274230\" class=\"wp-caption-text\">El alcalde Enrique Vargas del Villar anunci\u00f3 m\u00e1s de 300 millones de pesos en obras para beneficio de los huixquiluquenses.<\/p><\/div>\n<p>&nbsp;<\/p>\n<p><strong>Huixquilucan, Estado de M\u00e9xico<\/strong>.- Al entregar la remodelaci\u00f3n del jard\u00edn de ni\u00f1os \u201cCarlos Pellicer\u201d y \u201cHoracio Z\u00fa\u00f1iga\u201d, el presidente municipal, Enrique Vargas del Villar, recalc\u00f3 que los buenos gobiernos destacan por lo que hacen en beneficio de las comunidades, es por eso que su administraci\u00f3n destinar\u00e1 m\u00e1s de 300 millones de pesos en obras para beneficio de los huixquiluquenses.<\/p>\n<p>Acompa\u00f1ado por la presidenta del Sistema Municipal para el Desarrollo Integral de la Familia (DIF), Romina Contreras Carrasco e integrantes del Cabildo, el edil enfatiz\u00f3 que muestra del trabajo que realiza la administraci\u00f3n 2016-2018 es la gran labor que lleva a cabo el DIF para elevar la calidad de vida de los ciudadanos.<\/p>\n<p>Como parte del programa de obras que se realizar\u00e1n en la gesti\u00f3n de Enrique Vargas del Villar, destaca la rehabilitaci\u00f3n de los 15 jardines de ni\u00f1os dependientes del DIF local, porque los alumnos deben de contar con instalaciones dignas para un pleno desarrollo.<\/p>\n<p>Al entregar los trabajos de remodelaci\u00f3n a la comunidad estudiantil, personal docente y padres de familia, el alcalde otorg\u00f3 recursos en efectivo para subsanar las carencias propias de cada plantel, como es el mobiliario y art\u00edculos de oficina.<\/p>\n<p>Por su parte, Romina Contreras, titular del DIF, mencion\u00f3 que adem\u00e1s de la remodelaci\u00f3n de todos los preescolares del DIF, se dar\u00e1 capacitaci\u00f3n permanente a las profesoras para que el nivel educativo de los menores sea cada d\u00eda mejor.<\/p>\n<p>El director de infraestructura y Edificaci\u00f3n, Alejandro S\u00e1nchez, coment\u00f3 que los trabajos realizados en el k\u00ednder \u201cCarlos Pellicer\u201d, ubicado en San Juan Yautepec, consistieron en la colocaci\u00f3n de una techumbre en el patio y loseta en salones, aplanado de paredes, pintura en toda la escuela, la instalaci\u00f3n y reparaci\u00f3n de la estructura met\u00e1lica de puertas y ventanas, todo con una inversi\u00f3n de poco m\u00e1s de 180 mil pesos.<\/p>\n<p>En tanto, en el plantel \u201cHoracio Z\u00fa\u00f1iga\u201d en San Francisco Dos R\u00edos, se invirtieron 130 mil pesos para colocaci\u00f3n de loseta cer\u00e1mica en todos los salones, pintado interior y exterior de los muros; colocaci\u00f3n y suministr\u00f3 de muebles sanitarios, impermeabilizaci\u00f3n de la azotea y algunos aplanados.<\/p>\n<p>&nbsp;<\/p>\n","protected":false},"excerpt":{"rendered":"<p>Destinan m\u00e1s de 300 millones de pesos &nbsp; &nbsp; Huixquilucan, Estado de M\u00e9xico.- Al entregar la remodelaci\u00f3n del jard\u00edn de ni\u00f1os \u201cCarlos Pellicer\u201d y \u201cHoracio Z\u00fa\u00f1iga\u201d, el presidente municipal, Enrique Vargas del Villar, recalc\u00f3 que los buenos gobiernos destacan por lo que hacen en beneficio de las comunidades, es por eso que su administraci\u00f3n destinar\u00e1 [&hellip;]<\/p>\n","protected":false},"author":3,"featured_media":274230,"comment_status":"open","ping_status":"open","sticky":false,"template":"","format":"standard","meta":{"_monsterinsights_skip_tracking":false,"_monsterinsights_sitenote_active":false,"_monsterinsights_sitenote_note":"","_monsterinsights_sitenote_category":0,"footnotes":""},"categories":[35155],"tags":[2954,43675,1097],"class_list":["post-274181","post","type-post","status-publish","format-standard","has-post-thumbnail","hentry","category-estado-de-mexico-estado-de-mexico","tag-dif","tag-estado-de-mexico","tag-huixquilucan"],"_links":{"self":[{"href":"https:\/\/www.diarioimagen.net\/index.php?rest_route=\/wp\/v2\/posts\/274181","targetHints":{"allow":["GET"]}}],"collection":[{"href":"https:\/\/www.diarioimagen.net\/index.php?rest_route=\/wp\/v2\/posts"}],"about":[{"href":"https:\/\/www.diarioimagen.net\/index.php?rest_route=\/wp\/v2\/types\/post"}],"author":[{"embeddable":true,"href":"https:\/\/www.diarioimagen.net\/index.php?rest_route=\/wp\/v2\/users\/3"}],"replies":[{"embeddable":true,"href":"https:\/\/www.diarioimagen.net\/index.php?rest_route=%2Fwp%2Fv2%2Fcomments&post=274181"}],"version-history":[{"count":0,"href":"https:\/\/www.diarioimagen.net\/index.php?rest_route=\/wp\/v2\/posts\/274181\/revisions"}],"wp:featuredmedia":[{"embeddable":true,"href":"https:\/\/www.diarioimagen.net\/index.php?rest_route=\/wp\/v2\/media\/274230"}],"wp:attachment":[{"href":"https:\/\/www.diarioimagen.net\/index.php?rest_route=%2Fwp%2Fv2%2Fmedia&parent=274181"}],"wp:term":[{"taxonomy":"category","embeddable":true,"href":"https:\/\/www.diarioimagen.net\/index.php?rest_route=%2Fwp%2Fv2%2Fcategories&post=274181"},{"taxonomy":"post_tag","embeddable":true,"href":"https:\/\/www.diarioimagen.net\/index.php?rest_route=%2Fwp%2Fv2%2Ftags&post=274181"}],"curies":[{"name":"wp","href":"https:\/\/api.w.org\/{rel}","templated":true}]}}